{"id":3464,"date":"2022-10-04T12:01:29","date_gmt":"2022-10-04T16:01:29","guid":{"rendered":"https:\/\/www.atelier7hz.com\/wp\/?p=3464"},"modified":"2022-10-07T14:15:18","modified_gmt":"2022-10-07T18:15:18","slug":"la-journee-mondiale-de-lhabitat","status":"publish","type":"post","link":"https:\/\/www.atelier7hz.com\/wp\/la-journee-mondiale-de-lhabitat\/","title":{"rendered":"La journ\u00e9e mondiale de l&rsquo;habitat 2022"},"content":{"rendered":"<p>[et_pb_section fb_built=\u00a0\u00bb1&Prime; _builder_version=\u00a0\u00bb3.22&Prime;][et_pb_row _builder_version=\u00a0\u00bb3.25&Prime; background_size=\u00a0\u00bbinitial\u00a0\u00bb background_position=\u00a0\u00bbtop_left\u00a0\u00bb background_repeat=\u00a0\u00bbrepeat\u00a0\u00bb][et_pb_column type=\u00a0\u00bb4_4&Prime; _builder_version=\u00a0\u00bb3.25&Prime; custom_padding=\u00a0\u00bb|||\u00a0\u00bb custom_padding__hover=\u00a0\u00bb|||\u00a0\u00bb][et_pb_image src=\u00a0\u00bbhttps:\/\/www.atelier7hz.com\/wp\/wp-content\/uploads\/2022\/10\/2022-10-04-Journee-Habitat.png\u00a0\u00bb title_text=\u00a0\u00bb2022 10 04 &#8211; Journee Habitat\u00a0\u00bb _builder_version=\u00a0\u00bb4.4.7&Prime; width=\u00a0\u00bb100%\u00a0\u00bb min_height=\u00a0\u00bb429px\u00a0\u00bb custom_padding=\u00a0\u00bb|0px||||\u00a0\u00bb][\/et_pb_image][et_pb_text _builder_version=\u00a0\u00bb3.27.4&Prime; link_option_url=\u00a0\u00bb http:\/\/x33g6.mjt.lu\/nl2\/x33g6\/mgr0o.html?hl=fr\u00a0\u00bb]Saviez-vous que le 3 octobre \u00e9tait la journ\u00e9e mondiale de l\u2019habitat?<\/p>\n<p>Cette journ\u00e9e ayant lieu le premier lundi d\u2019octobre de chaque ann\u00e9e est reconnue par les nations unies et souligne le d\u00e9veloppement urbain responsable, structur\u00e9 et durable et cherche \u00e0 nous faire r\u00e9fl\u00e9chir sur l\u2019\u00e9tat de nos villes et de nos habitations.<\/p>\n<p>La th\u00e9matique de cette ann\u00e9e est : \u00ab <a href=\"https:\/\/www.un.org\/en\/observances\/habitat-day\">Combler le foss\u00e9, ne laisser personne et aucun endroit de c\u00f4t\u00e9<\/a> \u00bb. Celle-ci porte sur le droit fondamental d\u2019un logement convenable et s\u00e9curitaire, pour tous.<\/p>\n<p>Selon le document \u00ab Burden of disease from environmental noise \u00bb la World Health Organization (WHO), une exposition continue \u00e0 des niveaux de bruits trop \u00e9lev\u00e9s et fr\u00e9quents tels une route achaland\u00e9e ou des passages fr\u00e9quents d\u2019avions dans le secteur peut contribuer entre autres \u00e0 des maladies cardiovasculaires telle que l\u2019hypertension. D\u2019autres impacts bien connus sont une augmentation du stress ou des probl\u00e8mes de sommeil. Ces sympt\u00f4mes soulignent l\u2019importance d\u2019un logement avec une conception acoustique ad\u00e9quate.<\/p>\n<p>Dans le domaine de l\u2019acoustique, les acousticiens comme\u00a0<a href=\"https:\/\/www.atelier7hz.com\/wp\/en\/\"><span class=\"atMention\" title=\"atelier\">Atelier<\/span>\u00a07hz<\/a> contribuent \u00e0 des logements paisibles en consid\u00e9rant toutes les facettes de l\u2019isolation acoustique d\u2019un logement. Le bruit d\u2019impact, les bruits a\u00e9riens entre les appartements, les bruits provenant de l\u2019ext\u00e9rieur au niveau de la fa\u00e7ade et les bruits provenant d\u2019\u00e9quipements techniques telle la ventilation ou la plomberie sont d\u2019importants points \u00e0 consid\u00e9rer lors de la conception d\u2019un b\u00e2timent.<\/p>\n<p>Pour plus de d\u00e9tails sur les impacts de l\u2019exposition au bruit dans les habitations, nous vous invitons \u00e0 consulter l\u2019article \u00ab <a href=\"https:\/\/apps.who.int\/iris\/bitstream\/handle\/10665\/326424\/9789289002295-eng.pdf?sequence=1&amp;isAllowed=y\">Burden of disease from environmental noise<\/a> \u00bb.[\/et_pb_text][\/et_pb_column][\/et_pb_row][\/et_pb_section]<\/p>\n\n\n<div class=\"kk-star-ratings kksr-auto kksr-align-left kksr-valign-bottom\"\n    data-payload='{&quot;align&quot;:&quot;left&quot;,&quot;id&quot;:&quot;3464&quot;,&quot;slug&quot;:&quot;default&quot;,&quot;valign&quot;:&quot;bottom&quot;,&quot;ignore&quot;:&quot;&quot;,&quot;reference&quot;:&quot;auto&quot;,&quot;class&quot;:&quot;&quot;,&quot;count&quot;:&quot;0&quot;,&quot;legendonly&quot;:&quot;&quot;,&quot;readonly&quot;:&quot;&quot;,&quot;score&quot;:&quot;0&quot;,&quot;starsonly&quot;:&quot;&quot;,&quot;best&quot;:&quot;5&quot;,&quot;gap&quot;:&quot;4&quot;,&quot;greet&quot;:&quot;Rate this post&quot;,&quot;legend&quot;:&quot;0\\\/5 - (0 vote)&quot;,&quot;size&quot;:&quot;24&quot;,&quot;title&quot;:&quot;La journ\u00e9e mondiale de l\\u0026#039;habitat 2022&quot;,&quot;width&quot;:&quot;0&quot;,&quot;_legend&quot;:&quot;{score}\\\/{best} - ({count} {votes})&quot;,&quot;font_factor&quot;:&quot;1.25&quot;}'>\n            \n<div class=\"kksr-stars\">\n    \n<div class=\"kksr-stars-inactive\">\n            <div class=\"kksr-star\" data-star=\"1\" style=\"padding-right: 4px\">\n            \n\n<div class=\"kksr-icon\" style=\"width: 24px; height: 24px;\"><\/div>\n        <\/div>\n            <div class=\"kksr-star\" data-star=\"2\" style=\"padding-right: 4px\">\n            \n\n<div class=\"kksr-icon\" style=\"width: 24px; height: 24px;\"><\/div>\n        <\/div>\n            <div class=\"kksr-star\" data-star=\"3\" style=\"padding-right: 4px\">\n            \n\n<div class=\"kksr-icon\" style=\"width: 24px; height: 24px;\"><\/div>\n        <\/div>\n            <div class=\"kksr-star\" data-star=\"4\" style=\"padding-right: 4px\">\n            \n\n<div class=\"kksr-icon\" style=\"width: 24px; height: 24px;\"><\/div>\n        <\/div>\n            <div class=\"kksr-star\" data-star=\"5\" style=\"padding-right: 4px\">\n            \n\n<div class=\"kksr-icon\" style=\"width: 24px; height: 24px;\"><\/div>\n        <\/div>\n    <\/div>\n    \n<div class=\"kksr-stars-active\" style=\"width: 0px;\">\n            <div class=\"kksr-star\" style=\"padding-right: 4px\">\n            \n\n<div class=\"kksr-icon\" style=\"width: 24px; height: 24px;\"><\/div>\n        <\/div>\n            <div class=\"kksr-star\" style=\"padding-right: 4px\">\n            \n\n<div class=\"kksr-icon\" style=\"width: 24px; height: 24px;\"><\/div>\n        <\/div>\n            <div class=\"kksr-star\" style=\"padding-right: 4px\">\n            \n\n<div class=\"kksr-icon\" style=\"width: 24px; height: 24px;\"><\/div>\n        <\/div>\n            <div class=\"kksr-star\" style=\"padding-right: 4px\">\n            \n\n<div class=\"kksr-icon\" style=\"width: 24px; height: 24px;\"><\/div>\n        <\/div>\n            <div class=\"kksr-star\" style=\"padding-right: 4px\">\n            \n\n<div class=\"kksr-icon\" style=\"width: 24px; height: 24px;\"><\/div>\n        <\/div>\n    <\/div>\n<\/div>\n                \n\n<div class=\"kksr-legend\" style=\"font-size: 19.2px;\">\n            <span class=\"kksr-muted\">Rate this post<\/span>\n    <\/div>\n    <\/div>\n","protected":false},"excerpt":{"rendered":"<p>Saviez-vous que le 3 octobre \u00e9tait la journ\u00e9e mondiale de l\u2019habitat? Cette journ\u00e9e ayant lieu le premier lundi d\u2019octobre de chaque ann\u00e9e est reconnue par les nations unies et souligne le d\u00e9veloppement urbain responsable, structur\u00e9 et durable et cherche \u00e0 nous faire r\u00e9fl\u00e9chir sur l\u2019\u00e9tat de nos villes et de nos habitations. La th\u00e9matique de [&hellip;]<\/p>\n","protected":false},"author":4,"featured_media":3504,"comment_status":"closed","ping_status":"closed","sticky":false,"template":"","format":"chat","meta":{"_et_pb_use_builder":"on","_et_pb_old_content":"","_et_gb_content_width":"2880","_exactmetrics_skip_tracking":false,"_exactmetrics_sitenote_active":false,"_exactmetrics_sitenote_note":"","_exactmetrics_sitenote_category":0,"footnotes":""},"categories":[1],"tags":[],"class_list":["post-3464","post","type-post","status-publish","format-chat","has-post-thumbnail","hentry","category-uncategorized","post_format-post-format-chat"],"yoast_head":"<!-- This site is optimized with the Yoast SEO plugin v25.8 - https:\/\/yoast.com\/wordpress\/plugins\/seo\/ -->\n<title>La journ\u00e9e mondiale de l&#039;habitat 2022 - Atelier 7hz<\/title>\n<meta name=\"description\" content=\"Isolation, Acoustique, Acoustic, Vibration, Bruit, Noise, Consultant, Conseiller, Sonore, Sound, Audio, Mitigation, R\u00e9duction, Isolation plancher, Architecture, Environnement, Environment, Ing\u00e9nierie Acoustique vibration\" \/>\n<meta name=\"robots\" content=\"index, follow, max-snippet:-1, max-image-preview:large, max-video-preview:-1\" \/>\n<link rel=\"canonical\" href=\"https:\/\/www.atelier7hz.com\/wp\/la-journee-mondiale-de-lhabitat\/\" \/>\n<meta property=\"og:locale\" content=\"fr_FR\" \/>\n<meta property=\"og:type\" content=\"article\" \/>\n<meta property=\"og:title\" content=\"La journ\u00e9e mondiale de l&#039;habitat 2022 - Atelier 7hz\" \/>\n<meta property=\"og:description\" content=\"Isolation, Acoustique, Acoustic, Vibration, Bruit, Noise, Consultant, Conseiller, Sonore, Sound, Audio, Mitigation, R\u00e9duction, Isolation plancher, Architecture, Environnement, Environment, Ing\u00e9nierie Acoustique vibration\" \/>\n<meta property=\"og:url\" content=\"https:\/\/www.atelier7hz.com\/wp\/la-journee-mondiale-de-lhabitat\/\" \/>\n<meta property=\"og:site_name\" content=\"Atelier 7hz\" \/>\n<meta property=\"article:publisher\" content=\"https:\/\/www.facebook.com\/atelier7hz\" \/>\n<meta property=\"article:author\" content=\"https:\/\/www.facebook.com\/atelier7hz\/\" \/>\n<meta property=\"article:published_time\" content=\"2022-10-04T16:01:29+00:00\" \/>\n<meta property=\"article:modified_time\" content=\"2022-10-07T18:15:18+00:00\" \/>\n<meta property=\"og:image\" content=\"https:\/\/www.atelier7hz.com\/wp\/wp-content\/uploads\/2022\/10\/2022-10-04-Journee-Habitat-3.png\" \/>\n\t<meta property=\"og:image:width\" content=\"1920\" \/>\n\t<meta property=\"og:image:height\" content=\"1011\" \/>\n\t<meta property=\"og:image:type\" content=\"image\/png\" \/>\n<meta name=\"author\" content=\"admin\" \/>\n<meta name=\"twitter:card\" content=\"summary_large_image\" \/>\n<meta name=\"twitter:label1\" content=\"\u00c9crit par\" \/>\n\t<meta name=\"twitter:data1\" content=\"admin\" \/>\n\t<meta name=\"twitter:label2\" content=\"Dur\u00e9e de lecture estim\u00e9e\" \/>\n\t<meta name=\"twitter:data2\" content=\"2 minutes\" \/>\n<script type=\"application\/ld+json\" class=\"yoast-schema-graph\">{\"@context\":\"https:\/\/schema.org\",\"@graph\":[{\"@type\":\"Article\",\"@id\":\"https:\/\/www.atelier7hz.com\/wp\/la-journee-mondiale-de-lhabitat\/#article\",\"isPartOf\":{\"@id\":\"https:\/\/www.atelier7hz.com\/wp\/la-journee-mondiale-de-lhabitat\/\"},\"author\":{\"name\":\"admin\",\"@id\":\"https:\/\/www.atelier7hz.com\/wp\/#\/schema\/person\/ed0ad1c07fed02a0cb0df06e766c61eb\"},\"headline\":\"La journ\u00e9e mondiale de l&rsquo;habitat 2022\",\"datePublished\":\"2022-10-04T16:01:29+00:00\",\"dateModified\":\"2022-10-07T18:15:18+00:00\",\"mainEntityOfPage\":{\"@id\":\"https:\/\/www.atelier7hz.com\/wp\/la-journee-mondiale-de-lhabitat\/\"},\"wordCount\":391,\"publisher\":{\"@id\":\"https:\/\/www.atelier7hz.com\/wp\/#organization\"},\"image\":{\"@id\":\"https:\/\/www.atelier7hz.com\/wp\/la-journee-mondiale-de-lhabitat\/#primaryimage\"},\"thumbnailUrl\":\"https:\/\/www.atelier7hz.com\/wp\/wp-content\/uploads\/2022\/10\/2022-10-04-Journee-Habitat-3.png\",\"articleSection\":[\"Uncategorized\"],\"inLanguage\":\"fr-FR\"},{\"@type\":\"WebPage\",\"@id\":\"https:\/\/www.atelier7hz.com\/wp\/la-journee-mondiale-de-lhabitat\/\",\"url\":\"https:\/\/www.atelier7hz.com\/wp\/la-journee-mondiale-de-lhabitat\/\",\"name\":\"La journ\u00e9e mondiale de l'habitat 2022 - Atelier 7hz\",\"isPartOf\":{\"@id\":\"https:\/\/www.atelier7hz.com\/wp\/#website\"},\"primaryImageOfPage\":{\"@id\":\"https:\/\/www.atelier7hz.com\/wp\/la-journee-mondiale-de-lhabitat\/#primaryimage\"},\"image\":{\"@id\":\"https:\/\/www.atelier7hz.com\/wp\/la-journee-mondiale-de-lhabitat\/#primaryimage\"},\"thumbnailUrl\":\"https:\/\/www.atelier7hz.com\/wp\/wp-content\/uploads\/2022\/10\/2022-10-04-Journee-Habitat-3.png\",\"datePublished\":\"2022-10-04T16:01:29+00:00\",\"dateModified\":\"2022-10-07T18:15:18+00:00\",\"description\":\"Isolation, Acoustique, Acoustic, Vibration, Bruit, Noise, Consultant, Conseiller, Sonore, Sound, Audio, Mitigation, R\u00e9duction, Isolation plancher, Architecture, Environnement, Environment, Ing\u00e9nierie Acoustique vibration\",\"breadcrumb\":{\"@id\":\"https:\/\/www.atelier7hz.com\/wp\/la-journee-mondiale-de-lhabitat\/#breadcrumb\"},\"inLanguage\":\"fr-FR\",\"potentialAction\":[{\"@type\":\"ReadAction\",\"target\":[\"https:\/\/www.atelier7hz.com\/wp\/la-journee-mondiale-de-lhabitat\/\"]}]},{\"@type\":\"ImageObject\",\"inLanguage\":\"fr-FR\",\"@id\":\"https:\/\/www.atelier7hz.com\/wp\/la-journee-mondiale-de-lhabitat\/#primaryimage\",\"url\":\"https:\/\/www.atelier7hz.com\/wp\/wp-content\/uploads\/2022\/10\/2022-10-04-Journee-Habitat-3.png\",\"contentUrl\":\"https:\/\/www.atelier7hz.com\/wp\/wp-content\/uploads\/2022\/10\/2022-10-04-Journee-Habitat-3.png\",\"width\":1920,\"height\":1011},{\"@type\":\"BreadcrumbList\",\"@id\":\"https:\/\/www.atelier7hz.com\/wp\/la-journee-mondiale-de-lhabitat\/#breadcrumb\",\"itemListElement\":[{\"@type\":\"ListItem\",\"position\":1,\"name\":\"Accueil\",\"item\":\"https:\/\/www.atelier7hz.com\/wp\/\"},{\"@type\":\"ListItem\",\"position\":2,\"name\":\"La journ\u00e9e mondiale de l&rsquo;habitat 2022\"}]},{\"@type\":\"WebSite\",\"@id\":\"https:\/\/www.atelier7hz.com\/wp\/#website\",\"url\":\"https:\/\/www.atelier7hz.com\/wp\/\",\"name\":\"Atelier 7hz\",\"description\":\"L&#039;excellence de l&#039;expertise, la clart\u00e9 des recommandations\",\"publisher\":{\"@id\":\"https:\/\/www.atelier7hz.com\/wp\/#organization\"},\"potentialAction\":[{\"@type\":\"SearchAction\",\"target\":{\"@type\":\"EntryPoint\",\"urlTemplate\":\"https:\/\/www.atelier7hz.com\/wp\/?s={search_term_string}\"},\"query-input\":{\"@type\":\"PropertyValueSpecification\",\"valueRequired\":true,\"valueName\":\"search_term_string\"}}],\"inLanguage\":\"fr-FR\"},{\"@type\":\"Organization\",\"@id\":\"https:\/\/www.atelier7hz.com\/wp\/#organization\",\"name\":\"Atelier 7hz\",\"url\":\"https:\/\/www.atelier7hz.com\/wp\/\",\"logo\":{\"@type\":\"ImageObject\",\"inLanguage\":\"fr-FR\",\"@id\":\"https:\/\/www.atelier7hz.com\/wp\/#\/schema\/logo\/image\/\",\"url\":\"https:\/\/www.atelier7hz.com\/wp\/wp-content\/uploads\/2022\/11\/Logo-2022-carre-HD-1024-e1672417311684.png\",\"contentUrl\":\"https:\/\/www.atelier7hz.com\/wp\/wp-content\/uploads\/2022\/11\/Logo-2022-carre-HD-1024-e1672417311684.png\",\"width\":300,\"height\":300,\"caption\":\"Atelier 7hz\"},\"image\":{\"@id\":\"https:\/\/www.atelier7hz.com\/wp\/#\/schema\/logo\/image\/\"},\"sameAs\":[\"https:\/\/www.facebook.com\/atelier7hz\",\"https:\/\/www.linkedin.com\/company\/atelier-7hz\"]},{\"@type\":\"Person\",\"@id\":\"https:\/\/www.atelier7hz.com\/wp\/#\/schema\/person\/ed0ad1c07fed02a0cb0df06e766c61eb\",\"name\":\"admin\",\"image\":{\"@type\":\"ImageObject\",\"inLanguage\":\"fr-FR\",\"@id\":\"https:\/\/www.atelier7hz.com\/wp\/#\/schema\/person\/image\/\",\"url\":\"https:\/\/www.atelier7hz.com\/wp\/wp-content\/litespeed\/avatar\/aa7487866df1ffb33bf759353b235b29.jpg?ver=1776694218\",\"contentUrl\":\"https:\/\/www.atelier7hz.com\/wp\/wp-content\/litespeed\/avatar\/aa7487866df1ffb33bf759353b235b29.jpg?ver=1776694218\",\"caption\":\"admin\"},\"sameAs\":[\"https:\/\/www.facebook.com\/atelier7hz\/\",\"https:\/\/www.linkedin.com\/feed\/\"],\"url\":\"https:\/\/www.atelier7hz.com\/wp\/author\/admin\/\"}]}<\/script>\n<!-- \/ Yoast SEO plugin. -->","yoast_head_json":{"title":"La journ\u00e9e mondiale de l'habitat 2022 - Atelier 7hz","description":"Isolation, Acoustique, Acoustic, Vibration, Bruit, Noise, Consultant, Conseiller, Sonore, Sound, Audio, Mitigation, R\u00e9duction, Isolation plancher, Architecture, Environnement, Environment, Ing\u00e9nierie Acoustique vibration","robots":{"index":"index","follow":"follow","max-snippet":"max-snippet:-1","max-image-preview":"max-image-preview:large","max-video-preview":"max-video-preview:-1"},"canonical":"https:\/\/www.atelier7hz.com\/wp\/la-journee-mondiale-de-lhabitat\/","og_locale":"fr_FR","og_type":"article","og_title":"La journ\u00e9e mondiale de l'habitat 2022 - Atelier 7hz","og_description":"Isolation, Acoustique, Acoustic, Vibration, Bruit, Noise, Consultant, Conseiller, Sonore, Sound, Audio, Mitigation, R\u00e9duction, Isolation plancher, Architecture, Environnement, Environment, Ing\u00e9nierie Acoustique vibration","og_url":"https:\/\/www.atelier7hz.com\/wp\/la-journee-mondiale-de-lhabitat\/","og_site_name":"Atelier 7hz","article_publisher":"https:\/\/www.facebook.com\/atelier7hz","article_author":"https:\/\/www.facebook.com\/atelier7hz\/","article_published_time":"2022-10-04T16:01:29+00:00","article_modified_time":"2022-10-07T18:15:18+00:00","og_image":[{"width":1920,"height":1011,"url":"https:\/\/www.atelier7hz.com\/wp\/wp-content\/uploads\/2022\/10\/2022-10-04-Journee-Habitat-3.png","type":"image\/png"}],"author":"admin","twitter_card":"summary_large_image","twitter_misc":{"\u00c9crit par":"admin","Dur\u00e9e de lecture estim\u00e9e":"2 minutes"},"schema":{"@context":"https:\/\/schema.org","@graph":[{"@type":"Article","@id":"https:\/\/www.atelier7hz.com\/wp\/la-journee-mondiale-de-lhabitat\/#article","isPartOf":{"@id":"https:\/\/www.atelier7hz.com\/wp\/la-journee-mondiale-de-lhabitat\/"},"author":{"name":"admin","@id":"https:\/\/www.atelier7hz.com\/wp\/#\/schema\/person\/ed0ad1c07fed02a0cb0df06e766c61eb"},"headline":"La journ\u00e9e mondiale de l&rsquo;habitat 2022","datePublished":"2022-10-04T16:01:29+00:00","dateModified":"2022-10-07T18:15:18+00:00","mainEntityOfPage":{"@id":"https:\/\/www.atelier7hz.com\/wp\/la-journee-mondiale-de-lhabitat\/"},"wordCount":391,"publisher":{"@id":"https:\/\/www.atelier7hz.com\/wp\/#organization"},"image":{"@id":"https:\/\/www.atelier7hz.com\/wp\/la-journee-mondiale-de-lhabitat\/#primaryimage"},"thumbnailUrl":"https:\/\/www.atelier7hz.com\/wp\/wp-content\/uploads\/2022\/10\/2022-10-04-Journee-Habitat-3.png","articleSection":["Uncategorized"],"inLanguage":"fr-FR"},{"@type":"WebPage","@id":"https:\/\/www.atelier7hz.com\/wp\/la-journee-mondiale-de-lhabitat\/","url":"https:\/\/www.atelier7hz.com\/wp\/la-journee-mondiale-de-lhabitat\/","name":"La journ\u00e9e mondiale de l'habitat 2022 - Atelier 7hz","isPartOf":{"@id":"https:\/\/www.atelier7hz.com\/wp\/#website"},"primaryImageOfPage":{"@id":"https:\/\/www.atelier7hz.com\/wp\/la-journee-mondiale-de-lhabitat\/#primaryimage"},"image":{"@id":"https:\/\/www.atelier7hz.com\/wp\/la-journee-mondiale-de-lhabitat\/#primaryimage"},"thumbnailUrl":"https:\/\/www.atelier7hz.com\/wp\/wp-content\/uploads\/2022\/10\/2022-10-04-Journee-Habitat-3.png","datePublished":"2022-10-04T16:01:29+00:00","dateModified":"2022-10-07T18:15:18+00:00","description":"Isolation, Acoustique, Acoustic, Vibration, Bruit, Noise, Consultant, Conseiller, Sonore, Sound, Audio, Mitigation, R\u00e9duction, Isolation plancher, Architecture, Environnement, Environment, Ing\u00e9nierie Acoustique vibration","breadcrumb":{"@id":"https:\/\/www.atelier7hz.com\/wp\/la-journee-mondiale-de-lhabitat\/#breadcrumb"},"inLanguage":"fr-FR","potentialAction":[{"@type":"ReadAction","target":["https:\/\/www.atelier7hz.com\/wp\/la-journee-mondiale-de-lhabitat\/"]}]},{"@type":"ImageObject","inLanguage":"fr-FR","@id":"https:\/\/www.atelier7hz.com\/wp\/la-journee-mondiale-de-lhabitat\/#primaryimage","url":"https:\/\/www.atelier7hz.com\/wp\/wp-content\/uploads\/2022\/10\/2022-10-04-Journee-Habitat-3.png","contentUrl":"https:\/\/www.atelier7hz.com\/wp\/wp-content\/uploads\/2022\/10\/2022-10-04-Journee-Habitat-3.png","width":1920,"height":1011},{"@type":"BreadcrumbList","@id":"https:\/\/www.atelier7hz.com\/wp\/la-journee-mondiale-de-lhabitat\/#breadcrumb","itemListElement":[{"@type":"ListItem","position":1,"name":"Accueil","item":"https:\/\/www.atelier7hz.com\/wp\/"},{"@type":"ListItem","position":2,"name":"La journ\u00e9e mondiale de l&rsquo;habitat 2022"}]},{"@type":"WebSite","@id":"https:\/\/www.atelier7hz.com\/wp\/#website","url":"https:\/\/www.atelier7hz.com\/wp\/","name":"Atelier 7hz","description":"L&#039;excellence de l&#039;expertise, la clart\u00e9 des recommandations","publisher":{"@id":"https:\/\/www.atelier7hz.com\/wp\/#organization"},"potentialAction":[{"@type":"SearchAction","target":{"@type":"EntryPoint","urlTemplate":"https:\/\/www.atelier7hz.com\/wp\/?s={search_term_string}"},"query-input":{"@type":"PropertyValueSpecification","valueRequired":true,"valueName":"search_term_string"}}],"inLanguage":"fr-FR"},{"@type":"Organization","@id":"https:\/\/www.atelier7hz.com\/wp\/#organization","name":"Atelier 7hz","url":"https:\/\/www.atelier7hz.com\/wp\/","logo":{"@type":"ImageObject","inLanguage":"fr-FR","@id":"https:\/\/www.atelier7hz.com\/wp\/#\/schema\/logo\/image\/","url":"https:\/\/www.atelier7hz.com\/wp\/wp-content\/uploads\/2022\/11\/Logo-2022-carre-HD-1024-e1672417311684.png","contentUrl":"https:\/\/www.atelier7hz.com\/wp\/wp-content\/uploads\/2022\/11\/Logo-2022-carre-HD-1024-e1672417311684.png","width":300,"height":300,"caption":"Atelier 7hz"},"image":{"@id":"https:\/\/www.atelier7hz.com\/wp\/#\/schema\/logo\/image\/"},"sameAs":["https:\/\/www.facebook.com\/atelier7hz","https:\/\/www.linkedin.com\/company\/atelier-7hz"]},{"@type":"Person","@id":"https:\/\/www.atelier7hz.com\/wp\/#\/schema\/person\/ed0ad1c07fed02a0cb0df06e766c61eb","name":"admin","image":{"@type":"ImageObject","inLanguage":"fr-FR","@id":"https:\/\/www.atelier7hz.com\/wp\/#\/schema\/person\/image\/","url":"https:\/\/www.atelier7hz.com\/wp\/wp-content\/litespeed\/avatar\/aa7487866df1ffb33bf759353b235b29.jpg?ver=1776694218","contentUrl":"https:\/\/www.atelier7hz.com\/wp\/wp-content\/litespeed\/avatar\/aa7487866df1ffb33bf759353b235b29.jpg?ver=1776694218","caption":"admin"},"sameAs":["https:\/\/www.facebook.com\/atelier7hz\/","https:\/\/www.linkedin.com\/feed\/"],"url":"https:\/\/www.atelier7hz.com\/wp\/author\/admin\/"}]}},"_links":{"self":[{"href":"https:\/\/www.atelier7hz.com\/wp\/wp-json\/wp\/v2\/posts\/3464","targetHints":{"allow":["GET"]}}],"collection":[{"href":"https:\/\/www.atelier7hz.com\/wp\/wp-json\/wp\/v2\/posts"}],"about":[{"href":"https:\/\/www.atelier7hz.com\/wp\/wp-json\/wp\/v2\/types\/post"}],"author":[{"embeddable":true,"href":"https:\/\/www.atelier7hz.com\/wp\/wp-json\/wp\/v2\/users\/4"}],"replies":[{"embeddable":true,"href":"https:\/\/www.atelier7hz.com\/wp\/wp-json\/wp\/v2\/comments?post=3464"}],"version-history":[{"count":0,"href":"https:\/\/www.atelier7hz.com\/wp\/wp-json\/wp\/v2\/posts\/3464\/revisions"}],"wp:featuredmedia":[{"embeddable":true,"href":"https:\/\/www.atelier7hz.com\/wp\/wp-json\/wp\/v2\/media\/3504"}],"wp:attachment":[{"href":"https:\/\/www.atelier7hz.com\/wp\/wp-json\/wp\/v2\/media?parent=3464"}],"wp:term":[{"taxonomy":"category","embeddable":true,"href":"https:\/\/www.atelier7hz.com\/wp\/wp-json\/wp\/v2\/categories?post=3464"},{"taxonomy":"post_tag","embeddable":true,"href":"https:\/\/www.atelier7hz.com\/wp\/wp-json\/wp\/v2\/tags?post=3464"}],"curies":[{"name":"wp","href":"https:\/\/api.w.org\/{rel}","templated":true}]}}