{"id":5071,"date":"2023-03-15T05:48:09","date_gmt":"2023-03-15T09:48:09","guid":{"rendered":"https:\/\/www.atelier7hz.com\/wp\/?p=5071"},"modified":"2023-09-14T05:58:34","modified_gmt":"2023-09-14T09:58:34","slug":"lacoustique-et-le-bim","status":"publish","type":"post","link":"https:\/\/www.atelier7hz.com\/wp\/fr-fr\/lacoustique-et-le-bim\/","title":{"rendered":"L&rsquo;acoustique et le BIM"},"content":{"rendered":"\n[et_pb_section fb_built=\u00a0\u00bb1&Prime; _builder_version=\u00a0\u00bb4.19.4&Prime; _module_preset=\u00a0\u00bbdefault\u00a0\u00bb min_height=\u00a0\u00bb1232.4px\u00a0\u00bb custom_padding=\u00a0\u00bb34px|||||\u00a0\u00bb global_colors_info=\u00a0\u00bb{}\u00a0\u00bb][et_pb_row _builder_version=\u00a0\u00bb4.19.4&Prime; _module_preset=\u00a0\u00bbdefault\u00a0\u00bb min_height=\u00a0\u00bb228.1px\u00a0\u00bb custom_margin=\u00a0\u00bb|auto|-20px|auto||\u00a0\u00bb custom_padding=\u00a0\u00bb13px|||||\u00a0\u00bb global_colors_info=\u00a0\u00bb{}\u00a0\u00bb][et_pb_column type=\u00a0\u00bb4_4&Prime; _builder_version=\u00a0\u00bb4.19.4&Prime; _module_preset=\u00a0\u00bbdefault\u00a0\u00bb global_colors_info=\u00a0\u00bb{}\u00a0\u00bb][et_pb_text _builder_version=\u00a0\u00bb4.20.0&Prime; _module_preset=\u00a0\u00bbdefault\u00a0\u00bb min_height=\u00a0\u00bb167.1px\u00a0\u00bb global_colors_info=\u00a0\u00bb{}\u00a0\u00bb]<h4 style=\"text-align: justify;\"><span>BimWorld 2023<\/span><\/h4>\n<p style=\"text-align: justify;\"><strong>L\u2019\u00e9dition 2023 du BIMWorld <\/strong>se d\u00e9roulera cette ann\u00e9e les 5 et 6 avril prochain \u00e0 Paris, en France. Ce sera l\u2019occasion pour les professionnels de la construction et de l\u2019immobilier d\u2019\u00e9changer sur l\u2019ensemble des d\u00e9fis pos\u00e9s par l\u2019\u00e9volution constante de l\u2019industrie. <span>Ce rassemblement sera aussi un moment de rencontre entre les diff\u00e9rents corps de m\u00e9tier, qui travaillent en collaboration tout au long de l\u2019ann\u00e9e autour de projets communs.\u00a0<br \/><\/span><\/p>\n<h4 style=\"text-align: justify;\"><span>Le BIM<\/span><\/h4>\n<p style=\"text-align: justify;\"><span>Le BIM (<strong>Building Information Modeling<\/strong>) constitue un syst\u00e8me de gestion de la conception et du suivi de la construction pour des projets architecturaux. Int\u00e9gralement articul\u00e9e autour des nouvelles technologies, la conception du b\u00e2timent est en effet r\u00e9alis\u00e9e gr\u00e2ce \u00e0 un <strong>mod\u00e8le 3D<\/strong> repr\u00e9sentant les donn\u00e9es et caract\u00e9ristiques physiques d\u00e9pos\u00e9es par les diff\u00e9rents intervenants du projet et constituer ainsi une <strong>base de donn\u00e9es commune<\/strong>. <\/span><\/p>[\/et_pb_text][\/et_pb_column][\/et_pb_row][et_pb_row _builder_version=\u00a0\u00bb4.20.0&Prime; _module_preset=\u00a0\u00bbdefault\u00a0\u00bb custom_margin=\u00a0\u00bb||0px||false|false\u00a0\u00bb custom_padding=\u00a0\u00bb||0px||false|false\u00a0\u00bb global_colors_info=\u00a0\u00bb{}\u00a0\u00bb][et_pb_column type=\u00a0\u00bb4_4&Prime; _builder_version=\u00a0\u00bb4.19.4&Prime; _module_preset=\u00a0\u00bbdefault\u00a0\u00bb global_colors_info=\u00a0\u00bb{}\u00a0\u00bb][et_pb_image src=\u00a0\u00bbhttps:\/\/www.atelier7hz.com\/wp\/wp-content\/uploads\/2023\/03\/BIM-Digital-mock-up.jpg\u00a0\u00bb title_text=\u00a0\u00bbBIM &#8211; Digital mock up\u00a0\u00bb _builder_version=\u00a0\u00bb4.20.0&Prime; _module_preset=\u00a0\u00bbdefault\u00a0\u00bb global_colors_info=\u00a0\u00bb{}\u00a0\u00bb][\/et_pb_image][\/et_pb_column][\/et_pb_row][et_pb_row _builder_version=\u00a0\u00bb4.19.4&Prime; _module_preset=\u00a0\u00bbdefault\u00a0\u00bb min_height=\u00a0\u00bb274px\u00a0\u00bb global_colors_info=\u00a0\u00bb{}\u00a0\u00bb][et_pb_column type=\u00a0\u00bb4_4&Prime; _builder_version=\u00a0\u00bb4.19.4&Prime; _module_preset=\u00a0\u00bbdefault\u00a0\u00bb global_colors_info=\u00a0\u00bb{}\u00a0\u00bb][et_pb_text _builder_version=\u00a0\u00bb4.20.0&Prime; _module_preset=\u00a0\u00bbdefault\u00a0\u00bb min_height=\u00a0\u00bb245.9px\u00a0\u00bb global_colors_info=\u00a0\u00bb{}\u00a0\u00bb]<p>L\u2019utilisation d\u2019un logiciel tel que Revit est n\u00e9cessaire \u00e0 la mod\u00e9lisation des informations partag\u00e9es. Ce type d&rsquo;outil permet \u00e9galement de d\u00e9tecter de potentiels probl\u00e8mes bien avant leur mat\u00e9rialisation sur le chantier. Les participants au projet disposent d\u2019une <strong>plateforme d\u2019\u00e9changes<\/strong> pour poser des questions, obtenir des avis ou proposer des solutions sur diff\u00e9rentes th\u00e9matiques ou situations rencontr\u00e9es. Avec une communication optimis\u00e9e, des retards de construction et les surco\u00fbts engendr\u00e9s peuvent \u00eatre anticip\u00e9s et trait\u00e9s en amont.<\/p>\n<h4 style=\"text-align: justify;\"><span>L&rsquo;acoustique et le BIM<\/span><\/h4>\n<p style=\"text-align: justify;\"><span>Atelier 7hz se f\u00e9licite de prendre part \u00e0 la <strong>conception des projets<\/strong> en travaillant notamment sur des plans ou mod\u00e8les REVIT \u00e0 travers les plateformes BIM afin d\u2019apporter toute notre expertise en acoustique et vibrations. Nos \u00e9quipes d\u2019ing\u00e9nieurs acousticiens sont soucieuses de fournir une prestation de qualit\u00e9 aux clients et \u00e0 nos partenaires. Plus qu\u2019un simple r\u00f4le de consultant aupr\u00e8s des constructeurs, nous sommes acteurs du projet et experts dans notre domaine.<\/span><\/p>\n<p style=\"text-align: justify;\"><span>L\u2019int\u00e9gration des enjeux acoustiques dans les phases de construction conna\u00eet un important essor depuis plusieurs ann\u00e9es. Notamment, r\u00e9cemment on peut noter l\u2019apparition du <strong>BIM acoustique et environnementale<\/strong> (BIMAE) et de la mod\u00e9lisation de l\u2019environnement sonore pour des projets d\u2019urbanisme. La conceptualisation du paysage acoustique et vibratoire d\u2019un projet en phase de construction permet aussi d\u2019anticiper les impacts que des travaux peuvent avoir sur les structures, existantes ou \u00e0 venir.<\/span><\/p>[\/et_pb_text][\/et_pb_column][\/et_pb_row][\/et_pb_section]\n\n\n<div class=\"kk-star-ratings kksr-auto kksr-align-left kksr-valign-bottom\"\n    data-payload='{&quot;align&quot;:&quot;left&quot;,&quot;id&quot;:&quot;5071&quot;,&quot;slug&quot;:&quot;default&quot;,&quot;valign&quot;:&quot;bottom&quot;,&quot;ignore&quot;:&quot;&quot;,&quot;reference&quot;:&quot;auto&quot;,&quot;class&quot;:&quot;&quot;,&quot;count&quot;:&quot;3&quot;,&quot;legendonly&quot;:&quot;&quot;,&quot;readonly&quot;:&quot;&quot;,&quot;score&quot;:&quot;2.3&quot;,&quot;starsonly&quot;:&quot;&quot;,&quot;best&quot;:&quot;5&quot;,&quot;gap&quot;:&quot;4&quot;,&quot;greet&quot;:&quot;Rate this post&quot;,&quot;legend&quot;:&quot;2.3\\\/5 - (3 votes)&quot;,&quot;size&quot;:&quot;24&quot;,&quot;title&quot;:&quot;L\\u0026#039;acoustique et le BIM&quot;,&quot;width&quot;:&quot;62.4&quot;,&quot;_legend&quot;:&quot;{score}\\\/{best} - ({count} {votes})&quot;,&quot;font_factor&quot;:&quot;1.25&quot;}'>\n            \n<div class=\"kksr-stars\">\n    \n<div class=\"kksr-stars-inactive\">\n            <div class=\"kksr-star\" data-star=\"1\" style=\"padding-right: 4px\">\n            \n\n<div class=\"kksr-icon\" style=\"width: 24px; height: 24px;\"><\/div>\n        <\/div>\n            <div class=\"kksr-star\" data-star=\"2\" style=\"padding-right: 4px\">\n            \n\n<div class=\"kksr-icon\" style=\"width: 24px; height: 24px;\"><\/div>\n        <\/div>\n            <div class=\"kksr-star\" data-star=\"3\" style=\"padding-right: 4px\">\n            \n\n<div class=\"kksr-icon\" style=\"width: 24px; height: 24px;\"><\/div>\n        <\/div>\n            <div class=\"kksr-star\" data-star=\"4\" style=\"padding-right: 4px\">\n            \n\n<div class=\"kksr-icon\" style=\"width: 24px; height: 24px;\"><\/div>\n        <\/div>\n            <div class=\"kksr-star\" data-star=\"5\" style=\"padding-right: 4px\">\n            \n\n<div class=\"kksr-icon\" style=\"width: 24px; height: 24px;\"><\/div>\n        <\/div>\n    <\/div>\n    \n<div class=\"kksr-stars-active\" style=\"width: 62.4px;\">\n            <div class=\"kksr-star\" style=\"padding-right: 4px\">\n            \n\n<div class=\"kksr-icon\" style=\"width: 24px; height: 24px;\"><\/div>\n        <\/div>\n            <div class=\"kksr-star\" style=\"padding-right: 4px\">\n            \n\n<div class=\"kksr-icon\" style=\"width: 24px; height: 24px;\"><\/div>\n        <\/div>\n            <div class=\"kksr-star\" style=\"padding-right: 4px\">\n            \n\n<div class=\"kksr-icon\" style=\"width: 24px; height: 24px;\"><\/div>\n        <\/div>\n            <div class=\"kksr-star\" style=\"padding-right: 4px\">\n            \n\n<div class=\"kksr-icon\" style=\"width: 24px; height: 24px;\"><\/div>\n        <\/div>\n            <div class=\"kksr-star\" style=\"padding-right: 4px\">\n            \n\n<div class=\"kksr-icon\" style=\"width: 24px; height: 24px;\"><\/div>\n        <\/div>\n    <\/div>\n<\/div>\n                \n\n<div class=\"kksr-legend\" style=\"font-size: 19.2px;\">\n            2.3\/5 - (3 votes)    <\/div>\n    <\/div>\n","protected":false},"excerpt":{"rendered":"<p>BimWorld 2023 L\u2019\u00e9dition 2023 du BIMWorld se d\u00e9roulera cette ann\u00e9e les 5 et 6 avril prochain \u00e0 Paris, en France. Ce sera l\u2019occasion pour les professionnels de la construction et de l\u2019immobilier d\u2019\u00e9changer sur l\u2019ensemble des d\u00e9fis pos\u00e9s par l\u2019\u00e9volution constante de l\u2019industrie. Ce rassemblement sera aussi un moment de rencontre entre les diff\u00e9rents corps [&hellip;]<\/p>\n","protected":false},"author":4,"featured_media":4359,"comment_status":"closed","ping_status":"closed","sticky":false,"template":"","format":"chat","meta":{"_et_pb_use_builder":"on","_et_pb_old_content":"","_et_gb_content_width":"","_exactmetrics_skip_tracking":false,"_exactmetrics_sitenote_active":false,"_exactmetrics_sitenote_note":"","_exactmetrics_sitenote_category":0,"footnotes":""},"categories":[332],"tags":[],"class_list":["post-5071","post","type-post","status-publish","format-chat","has-post-thumbnail","hentry","category-non-classe-fr-fr","post_format-post-format-chat"],"yoast_head":"<!-- This site is optimized with the Yoast SEO plugin v25.8 - https:\/\/yoast.com\/wordpress\/plugins\/seo\/ -->\n<title>L&#039;acoustique et le BIM - Atelier 7hz<\/title>\n<meta name=\"description\" content=\"Le BIM (Building Information Modeling) et les th\u00e9matiques acoustique, bruit et vibrations pour la construction de projets architecturaux.\" \/>\n<meta name=\"robots\" content=\"index, follow, max-snippet:-1, max-image-preview:large, max-video-preview:-1\" \/>\n<link rel=\"canonical\" href=\"https:\/\/www.atelier7hz.com\/wp\/fr-fr\/lacoustique-et-le-bim\/\" \/>\n<meta property=\"og:locale\" content=\"fr_FR\" \/>\n<meta property=\"og:type\" content=\"article\" \/>\n<meta property=\"og:title\" content=\"L&#039;acoustique et le BIM - Atelier 7hz\" \/>\n<meta property=\"og:description\" content=\"Le BIM (Building Information Modeling) et les th\u00e9matiques acoustique, bruit et vibrations pour la construction de projets architecturaux.\" \/>\n<meta property=\"og:url\" content=\"https:\/\/www.atelier7hz.com\/wp\/fr-fr\/lacoustique-et-le-bim\/\" \/>\n<meta property=\"og:site_name\" content=\"Atelier 7hz\" \/>\n<meta property=\"article:publisher\" content=\"https:\/\/www.facebook.com\/atelier7hz\" \/>\n<meta property=\"article:author\" content=\"https:\/\/www.facebook.com\/atelier7hz\/\" \/>\n<meta property=\"article:published_time\" content=\"2023-03-15T09:48:09+00:00\" \/>\n<meta property=\"article:modified_time\" content=\"2023-09-14T09:58:34+00:00\" \/>\n<meta property=\"og:image\" content=\"https:\/\/www.atelier7hz.com\/wp\/wp-content\/uploads\/2023\/03\/BIM-Digital-mock-up.jpg\" \/>\n\t<meta property=\"og:image:width\" content=\"1920\" \/>\n\t<meta property=\"og:image:height\" content=\"1280\" \/>\n\t<meta property=\"og:image:type\" content=\"image\/jpeg\" \/>\n<meta name=\"author\" content=\"admin\" \/>\n<meta name=\"twitter:card\" content=\"summary_large_image\" \/>\n<meta name=\"twitter:label1\" content=\"\u00c9crit par\" \/>\n\t<meta name=\"twitter:data1\" content=\"admin\" \/>\n\t<meta name=\"twitter:label2\" content=\"Dur\u00e9e de lecture estim\u00e9e\" \/>\n\t<meta name=\"twitter:data2\" content=\"3 minutes\" \/>\n<script type=\"application\/ld+json\" class=\"yoast-schema-graph\">{\"@context\":\"https:\/\/schema.org\",\"@graph\":[{\"@type\":\"Article\",\"@id\":\"https:\/\/www.atelier7hz.com\/wp\/fr-fr\/lacoustique-et-le-bim\/#article\",\"isPartOf\":{\"@id\":\"https:\/\/www.atelier7hz.com\/wp\/fr-fr\/lacoustique-et-le-bim\/\"},\"author\":{\"name\":\"admin\",\"@id\":\"https:\/\/www.atelier7hz.com\/wp\/#\/schema\/person\/ed0ad1c07fed02a0cb0df06e766c61eb\"},\"headline\":\"L&rsquo;acoustique et le BIM\",\"datePublished\":\"2023-03-15T09:48:09+00:00\",\"dateModified\":\"2023-09-14T09:58:34+00:00\",\"mainEntityOfPage\":{\"@id\":\"https:\/\/www.atelier7hz.com\/wp\/fr-fr\/lacoustique-et-le-bim\/\"},\"wordCount\":618,\"publisher\":{\"@id\":\"https:\/\/www.atelier7hz.com\/wp\/#organization\"},\"image\":{\"@id\":\"https:\/\/www.atelier7hz.com\/wp\/fr-fr\/lacoustique-et-le-bim\/#primaryimage\"},\"thumbnailUrl\":\"https:\/\/www.atelier7hz.com\/wp\/wp-content\/uploads\/2023\/03\/BIM-Digital-mock-up.jpg\",\"inLanguage\":\"fr-FR\"},{\"@type\":\"WebPage\",\"@id\":\"https:\/\/www.atelier7hz.com\/wp\/fr-fr\/lacoustique-et-le-bim\/\",\"url\":\"https:\/\/www.atelier7hz.com\/wp\/fr-fr\/lacoustique-et-le-bim\/\",\"name\":\"L'acoustique et le BIM - Atelier 7hz\",\"isPartOf\":{\"@id\":\"https:\/\/www.atelier7hz.com\/wp\/#website\"},\"primaryImageOfPage\":{\"@id\":\"https:\/\/www.atelier7hz.com\/wp\/fr-fr\/lacoustique-et-le-bim\/#primaryimage\"},\"image\":{\"@id\":\"https:\/\/www.atelier7hz.com\/wp\/fr-fr\/lacoustique-et-le-bim\/#primaryimage\"},\"thumbnailUrl\":\"https:\/\/www.atelier7hz.com\/wp\/wp-content\/uploads\/2023\/03\/BIM-Digital-mock-up.jpg\",\"datePublished\":\"2023-03-15T09:48:09+00:00\",\"dateModified\":\"2023-09-14T09:58:34+00:00\",\"description\":\"Le BIM (Building Information Modeling) et les th\u00e9matiques acoustique, bruit et vibrations pour la construction de projets architecturaux.\",\"breadcrumb\":{\"@id\":\"https:\/\/www.atelier7hz.com\/wp\/fr-fr\/lacoustique-et-le-bim\/#breadcrumb\"},\"inLanguage\":\"fr-FR\",\"potentialAction\":[{\"@type\":\"ReadAction\",\"target\":[\"https:\/\/www.atelier7hz.com\/wp\/fr-fr\/lacoustique-et-le-bim\/\"]}]},{\"@type\":\"ImageObject\",\"inLanguage\":\"fr-FR\",\"@id\":\"https:\/\/www.atelier7hz.com\/wp\/fr-fr\/lacoustique-et-le-bim\/#primaryimage\",\"url\":\"https:\/\/www.atelier7hz.com\/wp\/wp-content\/uploads\/2023\/03\/BIM-Digital-mock-up.jpg\",\"contentUrl\":\"https:\/\/www.atelier7hz.com\/wp\/wp-content\/uploads\/2023\/03\/BIM-Digital-mock-up.jpg\",\"width\":1920,\"height\":1280},{\"@type\":\"BreadcrumbList\",\"@id\":\"https:\/\/www.atelier7hz.com\/wp\/fr-fr\/lacoustique-et-le-bim\/#breadcrumb\",\"itemListElement\":[{\"@type\":\"ListItem\",\"position\":1,\"name\":\"Accueil\",\"item\":\"https:\/\/www.atelier7hz.com\/wp\/\"},{\"@type\":\"ListItem\",\"position\":2,\"name\":\"L&#8217;acoustique et le BIM\"}]},{\"@type\":\"WebSite\",\"@id\":\"https:\/\/www.atelier7hz.com\/wp\/#website\",\"url\":\"https:\/\/www.atelier7hz.com\/wp\/\",\"name\":\"Atelier 7hz\",\"description\":\"L&#039;excellence de l&#039;expertise, la clart\u00e9 des recommandations\",\"publisher\":{\"@id\":\"https:\/\/www.atelier7hz.com\/wp\/#organization\"},\"potentialAction\":[{\"@type\":\"SearchAction\",\"target\":{\"@type\":\"EntryPoint\",\"urlTemplate\":\"https:\/\/www.atelier7hz.com\/wp\/?s={search_term_string}\"},\"query-input\":{\"@type\":\"PropertyValueSpecification\",\"valueRequired\":true,\"valueName\":\"search_term_string\"}}],\"inLanguage\":\"fr-FR\"},{\"@type\":\"Organization\",\"@id\":\"https:\/\/www.atelier7hz.com\/wp\/#organization\",\"name\":\"Atelier 7hz\",\"url\":\"https:\/\/www.atelier7hz.com\/wp\/\",\"logo\":{\"@type\":\"ImageObject\",\"inLanguage\":\"fr-FR\",\"@id\":\"https:\/\/www.atelier7hz.com\/wp\/#\/schema\/logo\/image\/\",\"url\":\"https:\/\/www.atelier7hz.com\/wp\/wp-content\/uploads\/2022\/11\/Logo-2022-carre-HD-1024-e1672417311684.png\",\"contentUrl\":\"https:\/\/www.atelier7hz.com\/wp\/wp-content\/uploads\/2022\/11\/Logo-2022-carre-HD-1024-e1672417311684.png\",\"width\":300,\"height\":300,\"caption\":\"Atelier 7hz\"},\"image\":{\"@id\":\"https:\/\/www.atelier7hz.com\/wp\/#\/schema\/logo\/image\/\"},\"sameAs\":[\"https:\/\/www.facebook.com\/atelier7hz\",\"https:\/\/www.linkedin.com\/company\/atelier-7hz\"]},{\"@type\":\"Person\",\"@id\":\"https:\/\/www.atelier7hz.com\/wp\/#\/schema\/person\/ed0ad1c07fed02a0cb0df06e766c61eb\",\"name\":\"admin\",\"image\":{\"@type\":\"ImageObject\",\"inLanguage\":\"fr-FR\",\"@id\":\"https:\/\/www.atelier7hz.com\/wp\/#\/schema\/person\/image\/\",\"url\":\"https:\/\/www.atelier7hz.com\/wp\/wp-content\/litespeed\/avatar\/aa7487866df1ffb33bf759353b235b29.jpg?ver=1777299020\",\"contentUrl\":\"https:\/\/www.atelier7hz.com\/wp\/wp-content\/litespeed\/avatar\/aa7487866df1ffb33bf759353b235b29.jpg?ver=1777299020\",\"caption\":\"admin\"},\"sameAs\":[\"https:\/\/www.facebook.com\/atelier7hz\/\",\"https:\/\/www.linkedin.com\/feed\/\"],\"url\":\"https:\/\/www.atelier7hz.com\/wp\/author\/admin\/\"}]}<\/script>\n<!-- \/ Yoast SEO plugin. -->","yoast_head_json":{"title":"L'acoustique et le BIM - Atelier 7hz","description":"Le BIM (Building Information Modeling) et les th\u00e9matiques acoustique, bruit et vibrations pour la construction de projets architecturaux.","robots":{"index":"index","follow":"follow","max-snippet":"max-snippet:-1","max-image-preview":"max-image-preview:large","max-video-preview":"max-video-preview:-1"},"canonical":"https:\/\/www.atelier7hz.com\/wp\/fr-fr\/lacoustique-et-le-bim\/","og_locale":"fr_FR","og_type":"article","og_title":"L'acoustique et le BIM - Atelier 7hz","og_description":"Le BIM (Building Information Modeling) et les th\u00e9matiques acoustique, bruit et vibrations pour la construction de projets architecturaux.","og_url":"https:\/\/www.atelier7hz.com\/wp\/fr-fr\/lacoustique-et-le-bim\/","og_site_name":"Atelier 7hz","article_publisher":"https:\/\/www.facebook.com\/atelier7hz","article_author":"https:\/\/www.facebook.com\/atelier7hz\/","article_published_time":"2023-03-15T09:48:09+00:00","article_modified_time":"2023-09-14T09:58:34+00:00","og_image":[{"width":1920,"height":1280,"url":"https:\/\/www.atelier7hz.com\/wp\/wp-content\/uploads\/2023\/03\/BIM-Digital-mock-up.jpg","type":"image\/jpeg"}],"author":"admin","twitter_card":"summary_large_image","twitter_misc":{"\u00c9crit par":"admin","Dur\u00e9e de lecture estim\u00e9e":"3 minutes"},"schema":{"@context":"https:\/\/schema.org","@graph":[{"@type":"Article","@id":"https:\/\/www.atelier7hz.com\/wp\/fr-fr\/lacoustique-et-le-bim\/#article","isPartOf":{"@id":"https:\/\/www.atelier7hz.com\/wp\/fr-fr\/lacoustique-et-le-bim\/"},"author":{"name":"admin","@id":"https:\/\/www.atelier7hz.com\/wp\/#\/schema\/person\/ed0ad1c07fed02a0cb0df06e766c61eb"},"headline":"L&rsquo;acoustique et le BIM","datePublished":"2023-03-15T09:48:09+00:00","dateModified":"2023-09-14T09:58:34+00:00","mainEntityOfPage":{"@id":"https:\/\/www.atelier7hz.com\/wp\/fr-fr\/lacoustique-et-le-bim\/"},"wordCount":618,"publisher":{"@id":"https:\/\/www.atelier7hz.com\/wp\/#organization"},"image":{"@id":"https:\/\/www.atelier7hz.com\/wp\/fr-fr\/lacoustique-et-le-bim\/#primaryimage"},"thumbnailUrl":"https:\/\/www.atelier7hz.com\/wp\/wp-content\/uploads\/2023\/03\/BIM-Digital-mock-up.jpg","inLanguage":"fr-FR"},{"@type":"WebPage","@id":"https:\/\/www.atelier7hz.com\/wp\/fr-fr\/lacoustique-et-le-bim\/","url":"https:\/\/www.atelier7hz.com\/wp\/fr-fr\/lacoustique-et-le-bim\/","name":"L'acoustique et le BIM - Atelier 7hz","isPartOf":{"@id":"https:\/\/www.atelier7hz.com\/wp\/#website"},"primaryImageOfPage":{"@id":"https:\/\/www.atelier7hz.com\/wp\/fr-fr\/lacoustique-et-le-bim\/#primaryimage"},"image":{"@id":"https:\/\/www.atelier7hz.com\/wp\/fr-fr\/lacoustique-et-le-bim\/#primaryimage"},"thumbnailUrl":"https:\/\/www.atelier7hz.com\/wp\/wp-content\/uploads\/2023\/03\/BIM-Digital-mock-up.jpg","datePublished":"2023-03-15T09:48:09+00:00","dateModified":"2023-09-14T09:58:34+00:00","description":"Le BIM (Building Information Modeling) et les th\u00e9matiques acoustique, bruit et vibrations pour la construction de projets architecturaux.","breadcrumb":{"@id":"https:\/\/www.atelier7hz.com\/wp\/fr-fr\/lacoustique-et-le-bim\/#breadcrumb"},"inLanguage":"fr-FR","potentialAction":[{"@type":"ReadAction","target":["https:\/\/www.atelier7hz.com\/wp\/fr-fr\/lacoustique-et-le-bim\/"]}]},{"@type":"ImageObject","inLanguage":"fr-FR","@id":"https:\/\/www.atelier7hz.com\/wp\/fr-fr\/lacoustique-et-le-bim\/#primaryimage","url":"https:\/\/www.atelier7hz.com\/wp\/wp-content\/uploads\/2023\/03\/BIM-Digital-mock-up.jpg","contentUrl":"https:\/\/www.atelier7hz.com\/wp\/wp-content\/uploads\/2023\/03\/BIM-Digital-mock-up.jpg","width":1920,"height":1280},{"@type":"BreadcrumbList","@id":"https:\/\/www.atelier7hz.com\/wp\/fr-fr\/lacoustique-et-le-bim\/#breadcrumb","itemListElement":[{"@type":"ListItem","position":1,"name":"Accueil","item":"https:\/\/www.atelier7hz.com\/wp\/"},{"@type":"ListItem","position":2,"name":"L&#8217;acoustique et le BIM"}]},{"@type":"WebSite","@id":"https:\/\/www.atelier7hz.com\/wp\/#website","url":"https:\/\/www.atelier7hz.com\/wp\/","name":"Atelier 7hz","description":"L&#039;excellence de l&#039;expertise, la clart\u00e9 des recommandations","publisher":{"@id":"https:\/\/www.atelier7hz.com\/wp\/#organization"},"potentialAction":[{"@type":"SearchAction","target":{"@type":"EntryPoint","urlTemplate":"https:\/\/www.atelier7hz.com\/wp\/?s={search_term_string}"},"query-input":{"@type":"PropertyValueSpecification","valueRequired":true,"valueName":"search_term_string"}}],"inLanguage":"fr-FR"},{"@type":"Organization","@id":"https:\/\/www.atelier7hz.com\/wp\/#organization","name":"Atelier 7hz","url":"https:\/\/www.atelier7hz.com\/wp\/","logo":{"@type":"ImageObject","inLanguage":"fr-FR","@id":"https:\/\/www.atelier7hz.com\/wp\/#\/schema\/logo\/image\/","url":"https:\/\/www.atelier7hz.com\/wp\/wp-content\/uploads\/2022\/11\/Logo-2022-carre-HD-1024-e1672417311684.png","contentUrl":"https:\/\/www.atelier7hz.com\/wp\/wp-content\/uploads\/2022\/11\/Logo-2022-carre-HD-1024-e1672417311684.png","width":300,"height":300,"caption":"Atelier 7hz"},"image":{"@id":"https:\/\/www.atelier7hz.com\/wp\/#\/schema\/logo\/image\/"},"sameAs":["https:\/\/www.facebook.com\/atelier7hz","https:\/\/www.linkedin.com\/company\/atelier-7hz"]},{"@type":"Person","@id":"https:\/\/www.atelier7hz.com\/wp\/#\/schema\/person\/ed0ad1c07fed02a0cb0df06e766c61eb","name":"admin","image":{"@type":"ImageObject","inLanguage":"fr-FR","@id":"https:\/\/www.atelier7hz.com\/wp\/#\/schema\/person\/image\/","url":"https:\/\/www.atelier7hz.com\/wp\/wp-content\/litespeed\/avatar\/aa7487866df1ffb33bf759353b235b29.jpg?ver=1777299020","contentUrl":"https:\/\/www.atelier7hz.com\/wp\/wp-content\/litespeed\/avatar\/aa7487866df1ffb33bf759353b235b29.jpg?ver=1777299020","caption":"admin"},"sameAs":["https:\/\/www.facebook.com\/atelier7hz\/","https:\/\/www.linkedin.com\/feed\/"],"url":"https:\/\/www.atelier7hz.com\/wp\/author\/admin\/"}]}},"_links":{"self":[{"href":"https:\/\/www.atelier7hz.com\/wp\/wp-json\/wp\/v2\/posts\/5071","targetHints":{"allow":["GET"]}}],"collection":[{"href":"https:\/\/www.atelier7hz.com\/wp\/wp-json\/wp\/v2\/posts"}],"about":[{"href":"https:\/\/www.atelier7hz.com\/wp\/wp-json\/wp\/v2\/types\/post"}],"author":[{"embeddable":true,"href":"https:\/\/www.atelier7hz.com\/wp\/wp-json\/wp\/v2\/users\/4"}],"replies":[{"embeddable":true,"href":"https:\/\/www.atelier7hz.com\/wp\/wp-json\/wp\/v2\/comments?post=5071"}],"version-history":[{"count":1,"href":"https:\/\/www.atelier7hz.com\/wp\/wp-json\/wp\/v2\/posts\/5071\/revisions"}],"predecessor-version":[{"id":5093,"href":"https:\/\/www.atelier7hz.com\/wp\/wp-json\/wp\/v2\/posts\/5071\/revisions\/5093"}],"wp:featuredmedia":[{"embeddable":true,"href":"https:\/\/www.atelier7hz.com\/wp\/wp-json\/wp\/v2\/media\/4359"}],"wp:attachment":[{"href":"https:\/\/www.atelier7hz.com\/wp\/wp-json\/wp\/v2\/media?parent=5071"}],"wp:term":[{"taxonomy":"category","embeddable":true,"href":"https:\/\/www.atelier7hz.com\/wp\/wp-json\/wp\/v2\/categories?post=5071"},{"taxonomy":"post_tag","embeddable":true,"href":"https:\/\/www.atelier7hz.com\/wp\/wp-json\/wp\/v2\/tags?post=5071"}],"curies":[{"name":"wp","href":"https:\/\/api.w.org\/{rel}","templated":true}]}}