{"id":5074,"date":"2023-04-03T05:48:08","date_gmt":"2023-04-03T09:48:08","guid":{"rendered":"https:\/\/www.atelier7hz.com\/wp\/?p=5074"},"modified":"2023-09-14T05:58:13","modified_gmt":"2023-09-14T09:58:13","slug":"journee-mondiale-de-la-sante-2023-lenjeu-majeur-du-bruit","status":"publish","type":"post","link":"https:\/\/www.atelier7hz.com\/wp\/fr-fr\/journee-mondiale-de-la-sante-2023-lenjeu-majeur-du-bruit\/","title":{"rendered":"Journ\u00e9e mondiale de la sant\u00e9 2023 &#8211; L&rsquo;enjeu majeur du Bruit\u00a0"},"content":{"rendered":"<p>[et_pb_section fb_built=\u00a0\u00bb1&Prime; _builder_version=\u00a0\u00bb4.19.4&Prime; _module_preset=\u00a0\u00bbdefault\u00a0\u00bb min_height=\u00a0\u00bb1232.4px\u00a0\u00bb custom_padding=\u00a0\u00bb34px|||||\u00a0\u00bb global_colors_info=\u00a0\u00bb{}\u00a0\u00bb][et_pb_row _builder_version=\u00a0\u00bb4.19.4&Prime; _module_preset=\u00a0\u00bbdefault\u00a0\u00bb min_height=\u00a0\u00bb228.1px\u00a0\u00bb custom_margin=\u00a0\u00bb|auto|-20px|auto||\u00a0\u00bb custom_padding=\u00a0\u00bb13px|||||\u00a0\u00bb global_colors_info=\u00a0\u00bb{}\u00a0\u00bb][et_pb_column type=\u00a0\u00bb4_4&Prime; _builder_version=\u00a0\u00bb4.19.4&Prime; _module_preset=\u00a0\u00bbdefault\u00a0\u00bb global_colors_info=\u00a0\u00bb{}\u00a0\u00bb][et_pb_text _builder_version=\u00a0\u00bb4.20.0&Prime; _module_preset=\u00a0\u00bbdefault\u00a0\u00bb text_orientation=\u00a0\u00bbjustified\u00a0\u00bb min_height=\u00a0\u00bb167.1px\u00a0\u00bb hover_enabled=\u00a0\u00bb0&Prime; global_colors_info=\u00a0\u00bb{}\u00a0\u00bb sticky_enabled=\u00a0\u00bb0&Prime;]<\/p>\n<p>Saviez-vous que vivre dans un environnement sonore calme augmente notre esp\u00e9rance de vie? Ce vendredi 7 avril 2023 nous f\u00eaterons la Journ\u00e9e Mondiale de la Sant\u00e9 et en particulier la sant\u00e9 auditive! D\u2019apr\u00e8s une <a aria-label=\"Link \u00e9tude publi\u00e9e par l\u2019OMS\" title=\"https:\/\/www.who.int\/tools\/compendium-on-health-and-environment\/environmental-noise\" href=\"https:\/\/www.who.int\/tools\/compendium-on-health-and-environment\/environmental-noise\" rel=\"noreferrer noopener\" target=\"_blank\" class=\"fui-Link ___1qmgydl f3rmtva f1ewtqcl fyind8e f1k6fduh f1w7gpdv fk6fouc fjoy568 figsok6 f1hu3pq6 f11qmguv f19f4twv f1tyq0we f1g0x7ka fhxju0i f1qch9an f1cnd47f fqv5qza f1vmzxwi f1o700av f13mvf36 f1cmlufx f9n3di6 f1ids18y f1tx3yz7 f1deo86v f1eh06m1 f1iescvh ftqa4ok f2hkw1w fhgqx19 f1olyrje f1p93eir f1h8hb77 f1x7u7e9 f10aw75t fsle3fq\">\u00e9tude publi\u00e9e par l\u2019OMS<\/a>, le bruit environnemental impacte notre sant\u00e9, avec des effets physiques et psychosociaux si n\u00e9gatifs qu\u2019il est devenu un <strong>enjeu de sant\u00e9 publique prioritaire<\/strong>. Le d\u00e9veloppement de probl\u00e8mes cardiovasculaires et m\u00e9taboliques, des d\u00e9ficiences auditives et l\u2019apparition d\u2019acouph\u00e8nes ainsi qu&rsquo;une d\u00e9gradation de la qualit\u00e9 de vie et du bien-\u00eatre au quotidien sont plusieurs cons\u00e9quences n\u00e9fastes sur l&rsquo;\u00eatre humain.<\/p>\n<h3>La qualit\u00e9 acoustique int\u00e9rieure propice \u00e0 une bonne sant\u00e9<\/h3>\n<p>Les constructeurs de b\u00e2timents peuvent ainsi r\u00e9pondre \u00e0 cette probl\u00e9matique dans leurs projets, par exemple en respectant les crit\u00e8res issus de la <strong>certification WELL<\/strong>. Visant \u00e0 assurer la sant\u00e9 et le bien \u00eatre des usagers, elle comporte des indicateurs li\u00e9s au bien \u00eatre, incluant les probl\u00e9matiques de confort acoustique et d\u2019isolation phonique. Notre \u00e9quipe d\u2019ing\u00e9nieurs acousticiens est capable de v\u00e9rifier leur conformit\u00e9 avec des mesures et \u00e9tudes acoustiques.<\/p>\n<h3>L\u2019ing\u00e9nierie acoustique et vibrations au service de l\u2019am\u00e9nagement des villes<\/h3>\n<p>Les villes et municipalit\u00e9s sollicitent \u00e9galement nos services lors de l\u2019\u00e9laboration de leur sch\u00e9ma d\u2019am\u00e9nagement avec des <strong>\u00e9tudes sp\u00e9cifiques destin\u00e9es au contr\u00f4le du bruit<\/strong> (int\u00e9rieur et ext\u00e9rieur) et des vibrations dans les zones sensibles (autoroutes ou lieux de divertissement ext\u00e9rieurs). Nos cartographies sonores et vibratoires et la fourniture de recommandations servent de base de travail \u00e0 nos clients pour r\u00e9ussir leurs am\u00e9nagements, et am\u00e9liorer le bien-\u00eatre des r\u00e9sidents \u00e0 travers la conception d\u2019environnements sonores agr\u00e9ables.<\/p>\n<p>Atelier 7hz est fier de son exp\u00e9rience li\u00e9e \u00e0 la <strong>conception d\u2019h\u00f4pitaux, de bureaux et de logements<\/strong> ainsi qu\u2019\u00e0 la r\u00e9alisation de solutions adapt\u00e9es et efficaces pour tous ces projets. Pour citer quelques exemples de notre expertise\u00a0:<br \/>\u2013 Conception de l\u2019h\u00f4pital Vaudreuil Soulange avec les architectes Pomerleau, MSDL et <span><span class=\"ui-provider csc csd c d e f g h i j k l m n o p q r s t cse csf w x y z ab ac ae af ag ah ai aj ak\" dir=\"ltr\">Jodoin Lamarre Pratte, <\/span><\/span>et int\u00e9gration de cette nouvelle zone sensible dans le plan de zonage local<\/p>\n<p>\u2013 D\u00e9finition du zonage du site de l\u2019<a aria-label=\"Link hippodrome de Montr\u00e9al\" title=\"https:\/\/www.atelier7hz.com\/wp\/project\/ancien-hippodrome-de-montreal\/\" href=\"https:\/\/www.atelier7hz.com\/wp\/project\/ancien-hippodrome-de-montreal\/\" rel=\"noreferrer noopener\" target=\"_blank\" class=\"fui-Link ___1qmgydl f3rmtva f1ewtqcl fyind8e f1k6fduh f1w7gpdv fk6fouc fjoy568 figsok6 f1hu3pq6 f11qmguv f19f4twv f1tyq0we f1g0x7ka fhxju0i f1qch9an f1cnd47f fqv5qza f1vmzxwi f1o700av f13mvf36 f1cmlufx f9n3di6 f1ids18y f1tx3yz7 f1deo86v f1eh06m1 f1iescvh ftqa4ok f2hkw1w fhgqx19 f1olyrje f1p93eir f1h8hb77 f1x7u7e9 f10aw75t fsle3fq\">hippodrome de Montr\u00e9al<\/a> pour son r\u00e9am\u00e9nagement en consid\u00e9rant les contraintes acoustiques et vibratoires.<\/p>\n<p>\u2013 Conception avec certification WELL des bureaux de l\u2019Autorit\u00e9 r\u00e9gionale de transport m\u00e9tropolitain (ARTM)<\/p>\n<p>[\/et_pb_text][\/et_pb_column][\/et_pb_row][et_pb_row _builder_version=\u00a0\u00bb4.20.0&Prime; _module_preset=\u00a0\u00bbdefault\u00a0\u00bb global_colors_info=\u00a0\u00bb{}\u00a0\u00bb][et_pb_column type=\u00a0\u00bb4_4&Prime; _builder_version=\u00a0\u00bb4.20.0&Prime; _module_preset=\u00a0\u00bbdefault\u00a0\u00bb global_colors_info=\u00a0\u00bb{}\u00a0\u00bb][et_pb_image src=\u00a0\u00bbhttps:\/\/www.atelier7hz.com\/wp\/wp-content\/uploads\/2023\/03\/Jardin-public-calme.jpg\u00a0\u00bb title_text=\u00a0\u00bbJardin public calme\u00a0\u00bb _builder_version=\u00a0\u00bb4.20.0&Prime; _module_preset=\u00a0\u00bbdefault\u00a0\u00bb global_colors_info=\u00a0\u00bb{}\u00a0\u00bb][\/et_pb_image][\/et_pb_column][\/et_pb_row][\/et_pb_section]<\/p>\n\n\n<div class=\"kk-star-ratings kksr-auto kksr-align-left kksr-valign-bottom\"\n    data-payload='{&quot;align&quot;:&quot;left&quot;,&quot;id&quot;:&quot;5074&quot;,&quot;slug&quot;:&quot;default&quot;,&quot;valign&quot;:&quot;bottom&quot;,&quot;ignore&quot;:&quot;&quot;,&quot;reference&quot;:&quot;auto&quot;,&quot;class&quot;:&quot;&quot;,&quot;count&quot;:&quot;1&quot;,&quot;legendonly&quot;:&quot;&quot;,&quot;readonly&quot;:&quot;&quot;,&quot;score&quot;:&quot;5&quot;,&quot;starsonly&quot;:&quot;&quot;,&quot;best&quot;:&quot;5&quot;,&quot;gap&quot;:&quot;4&quot;,&quot;greet&quot;:&quot;Rate this post&quot;,&quot;legend&quot;:&quot;5\\\/5 - (1 vote)&quot;,&quot;size&quot;:&quot;24&quot;,&quot;title&quot;:&quot;Journ\u00e9e mondiale de la sant\u00e9 2023 - L\\u0026#039;enjeu majeur du Bruit\u00a0&quot;,&quot;width&quot;:&quot;138&quot;,&quot;_legend&quot;:&quot;{score}\\\/{best} - ({count} {votes})&quot;,&quot;font_factor&quot;:&quot;1.25&quot;}'>\n            \n<div class=\"kksr-stars\">\n    \n<div class=\"kksr-stars-inactive\">\n            <div class=\"kksr-star\" data-star=\"1\" style=\"padding-right: 4px\">\n            \n\n<div class=\"kksr-icon\" style=\"width: 24px; height: 24px;\"><\/div>\n        <\/div>\n            <div class=\"kksr-star\" data-star=\"2\" style=\"padding-right: 4px\">\n            \n\n<div class=\"kksr-icon\" style=\"width: 24px; height: 24px;\"><\/div>\n        <\/div>\n            <div class=\"kksr-star\" data-star=\"3\" style=\"padding-right: 4px\">\n            \n\n<div class=\"kksr-icon\" style=\"width: 24px; height: 24px;\"><\/div>\n        <\/div>\n            <div class=\"kksr-star\" data-star=\"4\" style=\"padding-right: 4px\">\n            \n\n<div class=\"kksr-icon\" style=\"width: 24px; height: 24px;\"><\/div>\n        <\/div>\n            <div class=\"kksr-star\" data-star=\"5\" style=\"padding-right: 4px\">\n            \n\n<div class=\"kksr-icon\" style=\"width: 24px; height: 24px;\"><\/div>\n        <\/div>\n    <\/div>\n    \n<div class=\"kksr-stars-active\" style=\"width: 138px;\">\n            <div class=\"kksr-star\" style=\"padding-right: 4px\">\n            \n\n<div class=\"kksr-icon\" style=\"width: 24px; height: 24px;\"><\/div>\n        <\/div>\n            <div class=\"kksr-star\" style=\"padding-right: 4px\">\n            \n\n<div class=\"kksr-icon\" style=\"width: 24px; height: 24px;\"><\/div>\n        <\/div>\n            <div class=\"kksr-star\" style=\"padding-right: 4px\">\n            \n\n<div class=\"kksr-icon\" style=\"width: 24px; height: 24px;\"><\/div>\n        <\/div>\n            <div class=\"kksr-star\" style=\"padding-right: 4px\">\n            \n\n<div class=\"kksr-icon\" style=\"width: 24px; height: 24px;\"><\/div>\n        <\/div>\n            <div class=\"kksr-star\" style=\"padding-right: 4px\">\n            \n\n<div class=\"kksr-icon\" style=\"width: 24px; height: 24px;\"><\/div>\n        <\/div>\n    <\/div>\n<\/div>\n                \n\n<div class=\"kksr-legend\" style=\"font-size: 19.2px;\">\n            5\/5 - (1 vote)    <\/div>\n    <\/div>\n","protected":false},"excerpt":{"rendered":"<p>Saviez-vous que vivre dans un environnement sonore calme augmente notre esp\u00e9rance de vie? Ce vendredi 7 avril 2023 nous f\u00eaterons la Journ\u00e9e Mondiale de la Sant\u00e9 et en particulier la sant\u00e9 auditive! D\u2019apr\u00e8s une \u00e9tude publi\u00e9e par l\u2019OMS, le bruit environnemental impacte notre sant\u00e9, avec des effets physiques et psychosociaux si n\u00e9gatifs qu\u2019il est devenu [&hellip;]<\/p>\n","protected":false},"author":4,"featured_media":4390,"comment_status":"closed","ping_status":"closed","sticky":false,"template":"","format":"chat","meta":{"_et_pb_use_builder":"on","_et_pb_old_content":"","_et_gb_content_width":"","_exactmetrics_skip_tracking":false,"_exactmetrics_sitenote_active":false,"_exactmetrics_sitenote_note":"","_exactmetrics_sitenote_category":0,"footnotes":""},"categories":[332],"tags":[],"class_list":["post-5074","post","type-post","status-publish","format-chat","has-post-thumbnail","hentry","category-non-classe-fr-fr","post_format-post-format-chat"],"yoast_head":"<!-- This site is optimized with the Yoast SEO plugin v25.8 - https:\/\/yoast.com\/wordpress\/plugins\/seo\/ -->\n<title>Journ\u00e9e mondiale de la sant\u00e9 2023 - L&#039;enjeu majeur du Bruit\u00a0 - Atelier 7hz<\/title>\n<meta name=\"description\" content=\"Le 7 avril prochain, c&#039;est la journ\u00e9e mondiale de la sant\u00e9! Atelier 7hz pr\u00e9sente ses actions pour limiter l&#039;impact du bruit sur la sant\u00e9!\" \/>\n<meta name=\"robots\" content=\"index, follow, max-snippet:-1, max-image-preview:large, max-video-preview:-1\" \/>\n<link rel=\"canonical\" href=\"https:\/\/www.atelier7hz.com\/wp\/fr-fr\/journee-mondiale-de-la-sante-2023-lenjeu-majeur-du-bruit\/\" \/>\n<meta property=\"og:locale\" content=\"fr_FR\" \/>\n<meta property=\"og:type\" content=\"article\" \/>\n<meta property=\"og:title\" content=\"Journ\u00e9e mondiale de la sant\u00e9 2023 - L&#039;enjeu majeur du Bruit\u00a0 - Atelier 7hz\" \/>\n<meta property=\"og:description\" content=\"Le 7 avril prochain, c&#039;est la journ\u00e9e mondiale de la sant\u00e9! Atelier 7hz pr\u00e9sente ses actions pour limiter l&#039;impact du bruit sur la sant\u00e9!\" \/>\n<meta property=\"og:url\" content=\"https:\/\/www.atelier7hz.com\/wp\/fr-fr\/journee-mondiale-de-la-sante-2023-lenjeu-majeur-du-bruit\/\" \/>\n<meta property=\"og:site_name\" content=\"Atelier 7hz\" \/>\n<meta property=\"article:publisher\" content=\"https:\/\/www.facebook.com\/atelier7hz\" \/>\n<meta property=\"article:author\" content=\"https:\/\/www.facebook.com\/atelier7hz\/\" \/>\n<meta property=\"article:published_time\" content=\"2023-04-03T09:48:08+00:00\" \/>\n<meta property=\"article:modified_time\" content=\"2023-09-14T09:58:13+00:00\" \/>\n<meta property=\"og:image\" content=\"https:\/\/www.atelier7hz.com\/wp\/wp-content\/uploads\/2023\/03\/Jardin-public-calme.jpg\" \/>\n\t<meta property=\"og:image:width\" content=\"1920\" \/>\n\t<meta property=\"og:image:height\" content=\"1280\" \/>\n\t<meta property=\"og:image:type\" content=\"image\/jpeg\" \/>\n<meta name=\"author\" content=\"admin\" \/>\n<meta name=\"twitter:card\" content=\"summary_large_image\" \/>\n<meta name=\"twitter:label1\" content=\"\u00c9crit par\" \/>\n\t<meta name=\"twitter:data1\" content=\"admin\" \/>\n\t<meta name=\"twitter:label2\" content=\"Dur\u00e9e de lecture estim\u00e9e\" \/>\n\t<meta name=\"twitter:data2\" content=\"2 minutes\" \/>\n<script type=\"application\/ld+json\" class=\"yoast-schema-graph\">{\"@context\":\"https:\/\/schema.org\",\"@graph\":[{\"@type\":\"Article\",\"@id\":\"https:\/\/www.atelier7hz.com\/wp\/fr-fr\/journee-mondiale-de-la-sante-2023-lenjeu-majeur-du-bruit\/#article\",\"isPartOf\":{\"@id\":\"https:\/\/www.atelier7hz.com\/wp\/fr-fr\/journee-mondiale-de-la-sante-2023-lenjeu-majeur-du-bruit\/\"},\"author\":{\"name\":\"admin\",\"@id\":\"https:\/\/www.atelier7hz.com\/wp\/#\/schema\/person\/ed0ad1c07fed02a0cb0df06e766c61eb\"},\"headline\":\"Journ\u00e9e mondiale de la sant\u00e9 2023 &#8211; L&rsquo;enjeu majeur du Bruit\u00a0\",\"datePublished\":\"2023-04-03T09:48:08+00:00\",\"dateModified\":\"2023-09-14T09:58:13+00:00\",\"mainEntityOfPage\":{\"@id\":\"https:\/\/www.atelier7hz.com\/wp\/fr-fr\/journee-mondiale-de-la-sante-2023-lenjeu-majeur-du-bruit\/\"},\"wordCount\":575,\"publisher\":{\"@id\":\"https:\/\/www.atelier7hz.com\/wp\/#organization\"},\"image\":{\"@id\":\"https:\/\/www.atelier7hz.com\/wp\/fr-fr\/journee-mondiale-de-la-sante-2023-lenjeu-majeur-du-bruit\/#primaryimage\"},\"thumbnailUrl\":\"https:\/\/www.atelier7hz.com\/wp\/wp-content\/uploads\/2023\/03\/Jardin-public-calme.jpg\",\"inLanguage\":\"fr-FR\"},{\"@type\":\"WebPage\",\"@id\":\"https:\/\/www.atelier7hz.com\/wp\/fr-fr\/journee-mondiale-de-la-sante-2023-lenjeu-majeur-du-bruit\/\",\"url\":\"https:\/\/www.atelier7hz.com\/wp\/fr-fr\/journee-mondiale-de-la-sante-2023-lenjeu-majeur-du-bruit\/\",\"name\":\"Journ\u00e9e mondiale de la sant\u00e9 2023 - L'enjeu majeur du Bruit\u00a0 - Atelier 7hz\",\"isPartOf\":{\"@id\":\"https:\/\/www.atelier7hz.com\/wp\/#website\"},\"primaryImageOfPage\":{\"@id\":\"https:\/\/www.atelier7hz.com\/wp\/fr-fr\/journee-mondiale-de-la-sante-2023-lenjeu-majeur-du-bruit\/#primaryimage\"},\"image\":{\"@id\":\"https:\/\/www.atelier7hz.com\/wp\/fr-fr\/journee-mondiale-de-la-sante-2023-lenjeu-majeur-du-bruit\/#primaryimage\"},\"thumbnailUrl\":\"https:\/\/www.atelier7hz.com\/wp\/wp-content\/uploads\/2023\/03\/Jardin-public-calme.jpg\",\"datePublished\":\"2023-04-03T09:48:08+00:00\",\"dateModified\":\"2023-09-14T09:58:13+00:00\",\"description\":\"Le 7 avril prochain, c'est la journ\u00e9e mondiale de la sant\u00e9! Atelier 7hz pr\u00e9sente ses actions pour limiter l'impact du bruit sur la sant\u00e9!\",\"breadcrumb\":{\"@id\":\"https:\/\/www.atelier7hz.com\/wp\/fr-fr\/journee-mondiale-de-la-sante-2023-lenjeu-majeur-du-bruit\/#breadcrumb\"},\"inLanguage\":\"fr-FR\",\"potentialAction\":[{\"@type\":\"ReadAction\",\"target\":[\"https:\/\/www.atelier7hz.com\/wp\/fr-fr\/journee-mondiale-de-la-sante-2023-lenjeu-majeur-du-bruit\/\"]}]},{\"@type\":\"ImageObject\",\"inLanguage\":\"fr-FR\",\"@id\":\"https:\/\/www.atelier7hz.com\/wp\/fr-fr\/journee-mondiale-de-la-sante-2023-lenjeu-majeur-du-bruit\/#primaryimage\",\"url\":\"https:\/\/www.atelier7hz.com\/wp\/wp-content\/uploads\/2023\/03\/Jardin-public-calme.jpg\",\"contentUrl\":\"https:\/\/www.atelier7hz.com\/wp\/wp-content\/uploads\/2023\/03\/Jardin-public-calme.jpg\",\"width\":1920,\"height\":1280},{\"@type\":\"BreadcrumbList\",\"@id\":\"https:\/\/www.atelier7hz.com\/wp\/fr-fr\/journee-mondiale-de-la-sante-2023-lenjeu-majeur-du-bruit\/#breadcrumb\",\"itemListElement\":[{\"@type\":\"ListItem\",\"position\":1,\"name\":\"Accueil\",\"item\":\"https:\/\/www.atelier7hz.com\/wp\/\"},{\"@type\":\"ListItem\",\"position\":2,\"name\":\"Journ\u00e9e mondiale de la sant\u00e9 2023 &#8211; L&#8217;enjeu majeur du Bruit\u00a0\"}]},{\"@type\":\"WebSite\",\"@id\":\"https:\/\/www.atelier7hz.com\/wp\/#website\",\"url\":\"https:\/\/www.atelier7hz.com\/wp\/\",\"name\":\"Atelier 7hz\",\"description\":\"L&#039;excellence de l&#039;expertise, la clart\u00e9 des recommandations\",\"publisher\":{\"@id\":\"https:\/\/www.atelier7hz.com\/wp\/#organization\"},\"potentialAction\":[{\"@type\":\"SearchAction\",\"target\":{\"@type\":\"EntryPoint\",\"urlTemplate\":\"https:\/\/www.atelier7hz.com\/wp\/?s={search_term_string}\"},\"query-input\":{\"@type\":\"PropertyValueSpecification\",\"valueRequired\":true,\"valueName\":\"search_term_string\"}}],\"inLanguage\":\"fr-FR\"},{\"@type\":\"Organization\",\"@id\":\"https:\/\/www.atelier7hz.com\/wp\/#organization\",\"name\":\"Atelier 7hz\",\"url\":\"https:\/\/www.atelier7hz.com\/wp\/\",\"logo\":{\"@type\":\"ImageObject\",\"inLanguage\":\"fr-FR\",\"@id\":\"https:\/\/www.atelier7hz.com\/wp\/#\/schema\/logo\/image\/\",\"url\":\"https:\/\/www.atelier7hz.com\/wp\/wp-content\/uploads\/2022\/11\/Logo-2022-carre-HD-1024-e1672417311684.png\",\"contentUrl\":\"https:\/\/www.atelier7hz.com\/wp\/wp-content\/uploads\/2022\/11\/Logo-2022-carre-HD-1024-e1672417311684.png\",\"width\":300,\"height\":300,\"caption\":\"Atelier 7hz\"},\"image\":{\"@id\":\"https:\/\/www.atelier7hz.com\/wp\/#\/schema\/logo\/image\/\"},\"sameAs\":[\"https:\/\/www.facebook.com\/atelier7hz\",\"https:\/\/www.linkedin.com\/company\/atelier-7hz\"]},{\"@type\":\"Person\",\"@id\":\"https:\/\/www.atelier7hz.com\/wp\/#\/schema\/person\/ed0ad1c07fed02a0cb0df06e766c61eb\",\"name\":\"admin\",\"image\":{\"@type\":\"ImageObject\",\"inLanguage\":\"fr-FR\",\"@id\":\"https:\/\/www.atelier7hz.com\/wp\/#\/schema\/person\/image\/\",\"url\":\"https:\/\/www.atelier7hz.com\/wp\/wp-content\/litespeed\/avatar\/aa7487866df1ffb33bf759353b235b29.jpg?ver=1776694218\",\"contentUrl\":\"https:\/\/www.atelier7hz.com\/wp\/wp-content\/litespeed\/avatar\/aa7487866df1ffb33bf759353b235b29.jpg?ver=1776694218\",\"caption\":\"admin\"},\"sameAs\":[\"https:\/\/www.facebook.com\/atelier7hz\/\",\"https:\/\/www.linkedin.com\/feed\/\"],\"url\":\"https:\/\/www.atelier7hz.com\/wp\/author\/admin\/\"}]}<\/script>\n<!-- \/ Yoast SEO plugin. -->","yoast_head_json":{"title":"Journ\u00e9e mondiale de la sant\u00e9 2023 - L'enjeu majeur du Bruit\u00a0 - Atelier 7hz","description":"Le 7 avril prochain, c'est la journ\u00e9e mondiale de la sant\u00e9! Atelier 7hz pr\u00e9sente ses actions pour limiter l'impact du bruit sur la sant\u00e9!","robots":{"index":"index","follow":"follow","max-snippet":"max-snippet:-1","max-image-preview":"max-image-preview:large","max-video-preview":"max-video-preview:-1"},"canonical":"https:\/\/www.atelier7hz.com\/wp\/fr-fr\/journee-mondiale-de-la-sante-2023-lenjeu-majeur-du-bruit\/","og_locale":"fr_FR","og_type":"article","og_title":"Journ\u00e9e mondiale de la sant\u00e9 2023 - L'enjeu majeur du Bruit\u00a0 - Atelier 7hz","og_description":"Le 7 avril prochain, c'est la journ\u00e9e mondiale de la sant\u00e9! Atelier 7hz pr\u00e9sente ses actions pour limiter l'impact du bruit sur la sant\u00e9!","og_url":"https:\/\/www.atelier7hz.com\/wp\/fr-fr\/journee-mondiale-de-la-sante-2023-lenjeu-majeur-du-bruit\/","og_site_name":"Atelier 7hz","article_publisher":"https:\/\/www.facebook.com\/atelier7hz","article_author":"https:\/\/www.facebook.com\/atelier7hz\/","article_published_time":"2023-04-03T09:48:08+00:00","article_modified_time":"2023-09-14T09:58:13+00:00","og_image":[{"width":1920,"height":1280,"url":"https:\/\/www.atelier7hz.com\/wp\/wp-content\/uploads\/2023\/03\/Jardin-public-calme.jpg","type":"image\/jpeg"}],"author":"admin","twitter_card":"summary_large_image","twitter_misc":{"\u00c9crit par":"admin","Dur\u00e9e de lecture estim\u00e9e":"2 minutes"},"schema":{"@context":"https:\/\/schema.org","@graph":[{"@type":"Article","@id":"https:\/\/www.atelier7hz.com\/wp\/fr-fr\/journee-mondiale-de-la-sante-2023-lenjeu-majeur-du-bruit\/#article","isPartOf":{"@id":"https:\/\/www.atelier7hz.com\/wp\/fr-fr\/journee-mondiale-de-la-sante-2023-lenjeu-majeur-du-bruit\/"},"author":{"name":"admin","@id":"https:\/\/www.atelier7hz.com\/wp\/#\/schema\/person\/ed0ad1c07fed02a0cb0df06e766c61eb"},"headline":"Journ\u00e9e mondiale de la sant\u00e9 2023 &#8211; L&rsquo;enjeu majeur du Bruit\u00a0","datePublished":"2023-04-03T09:48:08+00:00","dateModified":"2023-09-14T09:58:13+00:00","mainEntityOfPage":{"@id":"https:\/\/www.atelier7hz.com\/wp\/fr-fr\/journee-mondiale-de-la-sante-2023-lenjeu-majeur-du-bruit\/"},"wordCount":575,"publisher":{"@id":"https:\/\/www.atelier7hz.com\/wp\/#organization"},"image":{"@id":"https:\/\/www.atelier7hz.com\/wp\/fr-fr\/journee-mondiale-de-la-sante-2023-lenjeu-majeur-du-bruit\/#primaryimage"},"thumbnailUrl":"https:\/\/www.atelier7hz.com\/wp\/wp-content\/uploads\/2023\/03\/Jardin-public-calme.jpg","inLanguage":"fr-FR"},{"@type":"WebPage","@id":"https:\/\/www.atelier7hz.com\/wp\/fr-fr\/journee-mondiale-de-la-sante-2023-lenjeu-majeur-du-bruit\/","url":"https:\/\/www.atelier7hz.com\/wp\/fr-fr\/journee-mondiale-de-la-sante-2023-lenjeu-majeur-du-bruit\/","name":"Journ\u00e9e mondiale de la sant\u00e9 2023 - L'enjeu majeur du Bruit\u00a0 - Atelier 7hz","isPartOf":{"@id":"https:\/\/www.atelier7hz.com\/wp\/#website"},"primaryImageOfPage":{"@id":"https:\/\/www.atelier7hz.com\/wp\/fr-fr\/journee-mondiale-de-la-sante-2023-lenjeu-majeur-du-bruit\/#primaryimage"},"image":{"@id":"https:\/\/www.atelier7hz.com\/wp\/fr-fr\/journee-mondiale-de-la-sante-2023-lenjeu-majeur-du-bruit\/#primaryimage"},"thumbnailUrl":"https:\/\/www.atelier7hz.com\/wp\/wp-content\/uploads\/2023\/03\/Jardin-public-calme.jpg","datePublished":"2023-04-03T09:48:08+00:00","dateModified":"2023-09-14T09:58:13+00:00","description":"Le 7 avril prochain, c'est la journ\u00e9e mondiale de la sant\u00e9! Atelier 7hz pr\u00e9sente ses actions pour limiter l'impact du bruit sur la sant\u00e9!","breadcrumb":{"@id":"https:\/\/www.atelier7hz.com\/wp\/fr-fr\/journee-mondiale-de-la-sante-2023-lenjeu-majeur-du-bruit\/#breadcrumb"},"inLanguage":"fr-FR","potentialAction":[{"@type":"ReadAction","target":["https:\/\/www.atelier7hz.com\/wp\/fr-fr\/journee-mondiale-de-la-sante-2023-lenjeu-majeur-du-bruit\/"]}]},{"@type":"ImageObject","inLanguage":"fr-FR","@id":"https:\/\/www.atelier7hz.com\/wp\/fr-fr\/journee-mondiale-de-la-sante-2023-lenjeu-majeur-du-bruit\/#primaryimage","url":"https:\/\/www.atelier7hz.com\/wp\/wp-content\/uploads\/2023\/03\/Jardin-public-calme.jpg","contentUrl":"https:\/\/www.atelier7hz.com\/wp\/wp-content\/uploads\/2023\/03\/Jardin-public-calme.jpg","width":1920,"height":1280},{"@type":"BreadcrumbList","@id":"https:\/\/www.atelier7hz.com\/wp\/fr-fr\/journee-mondiale-de-la-sante-2023-lenjeu-majeur-du-bruit\/#breadcrumb","itemListElement":[{"@type":"ListItem","position":1,"name":"Accueil","item":"https:\/\/www.atelier7hz.com\/wp\/"},{"@type":"ListItem","position":2,"name":"Journ\u00e9e mondiale de la sant\u00e9 2023 &#8211; L&#8217;enjeu majeur du Bruit\u00a0"}]},{"@type":"WebSite","@id":"https:\/\/www.atelier7hz.com\/wp\/#website","url":"https:\/\/www.atelier7hz.com\/wp\/","name":"Atelier 7hz","description":"L&#039;excellence de l&#039;expertise, la clart\u00e9 des recommandations","publisher":{"@id":"https:\/\/www.atelier7hz.com\/wp\/#organization"},"potentialAction":[{"@type":"SearchAction","target":{"@type":"EntryPoint","urlTemplate":"https:\/\/www.atelier7hz.com\/wp\/?s={search_term_string}"},"query-input":{"@type":"PropertyValueSpecification","valueRequired":true,"valueName":"search_term_string"}}],"inLanguage":"fr-FR"},{"@type":"Organization","@id":"https:\/\/www.atelier7hz.com\/wp\/#organization","name":"Atelier 7hz","url":"https:\/\/www.atelier7hz.com\/wp\/","logo":{"@type":"ImageObject","inLanguage":"fr-FR","@id":"https:\/\/www.atelier7hz.com\/wp\/#\/schema\/logo\/image\/","url":"https:\/\/www.atelier7hz.com\/wp\/wp-content\/uploads\/2022\/11\/Logo-2022-carre-HD-1024-e1672417311684.png","contentUrl":"https:\/\/www.atelier7hz.com\/wp\/wp-content\/uploads\/2022\/11\/Logo-2022-carre-HD-1024-e1672417311684.png","width":300,"height":300,"caption":"Atelier 7hz"},"image":{"@id":"https:\/\/www.atelier7hz.com\/wp\/#\/schema\/logo\/image\/"},"sameAs":["https:\/\/www.facebook.com\/atelier7hz","https:\/\/www.linkedin.com\/company\/atelier-7hz"]},{"@type":"Person","@id":"https:\/\/www.atelier7hz.com\/wp\/#\/schema\/person\/ed0ad1c07fed02a0cb0df06e766c61eb","name":"admin","image":{"@type":"ImageObject","inLanguage":"fr-FR","@id":"https:\/\/www.atelier7hz.com\/wp\/#\/schema\/person\/image\/","url":"https:\/\/www.atelier7hz.com\/wp\/wp-content\/litespeed\/avatar\/aa7487866df1ffb33bf759353b235b29.jpg?ver=1776694218","contentUrl":"https:\/\/www.atelier7hz.com\/wp\/wp-content\/litespeed\/avatar\/aa7487866df1ffb33bf759353b235b29.jpg?ver=1776694218","caption":"admin"},"sameAs":["https:\/\/www.facebook.com\/atelier7hz\/","https:\/\/www.linkedin.com\/feed\/"],"url":"https:\/\/www.atelier7hz.com\/wp\/author\/admin\/"}]}},"_links":{"self":[{"href":"https:\/\/www.atelier7hz.com\/wp\/wp-json\/wp\/v2\/posts\/5074","targetHints":{"allow":["GET"]}}],"collection":[{"href":"https:\/\/www.atelier7hz.com\/wp\/wp-json\/wp\/v2\/posts"}],"about":[{"href":"https:\/\/www.atelier7hz.com\/wp\/wp-json\/wp\/v2\/types\/post"}],"author":[{"embeddable":true,"href":"https:\/\/www.atelier7hz.com\/wp\/wp-json\/wp\/v2\/users\/4"}],"replies":[{"embeddable":true,"href":"https:\/\/www.atelier7hz.com\/wp\/wp-json\/wp\/v2\/comments?post=5074"}],"version-history":[{"count":1,"href":"https:\/\/www.atelier7hz.com\/wp\/wp-json\/wp\/v2\/posts\/5074\/revisions"}],"predecessor-version":[{"id":5090,"href":"https:\/\/www.atelier7hz.com\/wp\/wp-json\/wp\/v2\/posts\/5074\/revisions\/5090"}],"wp:featuredmedia":[{"embeddable":true,"href":"https:\/\/www.atelier7hz.com\/wp\/wp-json\/wp\/v2\/media\/4390"}],"wp:attachment":[{"href":"https:\/\/www.atelier7hz.com\/wp\/wp-json\/wp\/v2\/media?parent=5074"}],"wp:term":[{"taxonomy":"category","embeddable":true,"href":"https:\/\/www.atelier7hz.com\/wp\/wp-json\/wp\/v2\/categories?post=5074"},{"taxonomy":"post_tag","embeddable":true,"href":"https:\/\/www.atelier7hz.com\/wp\/wp-json\/wp\/v2\/tags?post=5074"}],"curies":[{"name":"wp","href":"https:\/\/api.w.org\/{rel}","templated":true}]}}