{"id":5179,"date":"2023-10-13T14:20:57","date_gmt":"2023-10-13T18:20:57","guid":{"rendered":"https:\/\/www.atelier7hz.com\/wp\/?p=5179"},"modified":"2023-10-17T10:43:03","modified_gmt":"2023-10-17T14:43:03","slug":"offre-demploi-charge-de-projets-a-montreal","status":"publish","type":"post","link":"https:\/\/www.atelier7hz.com\/wp\/offre-demploi-charge-de-projets-a-montreal\/","title":{"rendered":"Offre d&#8217;emploi : Charg\u00e9 de projets en Acoustique et Vibrations \u00e0 Montr\u00e9al"},"content":{"rendered":"<p>[et_pb_section fb_built=\u00a0\u00bb1&Prime; _builder_version=\u00a0\u00bb4.19.4&Prime; _module_preset=\u00a0\u00bbdefault\u00a0\u00bb min_height=\u00a0\u00bb1232.4px\u00a0\u00bb custom_padding=\u00a0\u00bb34px|||||\u00a0\u00bb global_colors_info=\u00a0\u00bb{}\u00a0\u00bb][et_pb_row _builder_version=\u00a0\u00bb4.19.4&Prime; _module_preset=\u00a0\u00bbdefault\u00a0\u00bb min_height=\u00a0\u00bb235.1px\u00a0\u00bb custom_margin=\u00a0\u00bb|auto|-20px|auto||\u00a0\u00bb custom_padding=\u00a0\u00bb13px|||||\u00a0\u00bb global_colors_info=\u00a0\u00bb{}\u00a0\u00bb][et_pb_column type=\u00a0\u00bb4_4&Prime; _builder_version=\u00a0\u00bb4.19.4&Prime; _module_preset=\u00a0\u00bbdefault\u00a0\u00bb global_colors_info=\u00a0\u00bb{}\u00a0\u00bb][et_pb_image src=\u00a0\u00bbhttps:\/\/www.atelier7hz.com\/wp\/wp-content\/uploads\/2023\/10\/2023-10-13-Nous-recrutons-en-acoustique-et-vibrations-1-1.gif\u00a0\u00bb title_text=\u00a0\u00bb2023-10-13 Nous recrutons en acoustique et vibrations !\u00a0\u00bb _builder_version=\u00a0\u00bb4.20.0&Prime; _module_preset=\u00a0\u00bbdefault\u00a0\u00bb global_colors_info=\u00a0\u00bb{}\u00a0\u00bb][\/et_pb_image][et_pb_text _builder_version=\u00a0\u00bb4.20.0&Prime; _module_preset=\u00a0\u00bbdefault\u00a0\u00bb text_orientation=\u00a0\u00bbjustified\u00a0\u00bb min_height=\u00a0\u00bb167.1px\u00a0\u00bb hover_enabled=\u00a0\u00bb0&Prime; global_colors_info=\u00a0\u00bb{}\u00a0\u00bb sticky_enabled=\u00a0\u00bb0&Prime;]<\/p>\n<p><strong>Poste de Charg\u00e9(e) de projets en Acoustique et Vibrations &#8211; Atelier 7hz &#8211; <a href=\"http:\/\/www.atelier7hz.com\">www.atelier7hz.com<\/a><\/strong><\/p>\n<p><span>Tu es un.e ing\u00e9nieur.e en m\u00e9canique du b\u00e2timent et tu as un int\u00e9r\u00eat pour l\u2019acoustique? Tu souhaiterais ajouter cette sp\u00e9cialit\u00e9 \u00e0 ton exp\u00e9rience tout en continuant \u00e0 faire de la m\u00e9canique? Partager tes savoirs avec tes coll\u00e8gues pour les voir grandir est quelque chose qui t&rsquo;anime ?<\/span><\/p>\n<p><span>Nous avons une place pour toi dans notre jeune \u00e9quipe dynamique! Chez A7hz, nous sommes amen\u00e9s \u00e0 travailler sur des projets de toutes sortes : des centres hospitaliers, \u00e9coles, bureaux et b\u00e2timents publics et m\u00eame des salles de spectacles, quel plaisir. Pour nous, le confort des occupants et utilisateurs des b\u00e2timents sur lesquels nous mettons toute notre \u00e9nergie est primordial!<\/span><\/p>\n<p><span>\u00c9cris-nous si tu souhaites en savoir davantage, il nous ferait vraiment plaisir d\u2019en discuter avec toi.<\/span><\/p>\n<p>Ce poste consiste, sous la direction et en collaboration avec le Directeur G\u00e9n\u00e9ral, \u00e0 :<\/p>\n<ul>\n<li>\u00catre responsable de son portefeuille de projets et de clients<\/li>\n<li>D\u00e9velopper les affaires dans la r\u00e9gion de la ville de Montr\u00e9al en collaboration avec le Directeur Technique<\/li>\n<li>R\u00e9diger les offres de service<\/li>\n<li><span style=\"font-size: 14px;\">Encadrer les professionnels et les techniciens dans la r\u00e9alisation des \u00e9tudes en acoustique et vibrations<\/span><\/li>\n<li>R\u00e9aliser les \u00e9tudes en acoustique et vibrations<\/li>\n<li>Participer aux d\u00e9cisions de l&rsquo;\u00e9quipe<\/li>\n<li>Participer aux t\u00e2ches administratives de la compagnie<\/li>\n<\/ul>\n<p><strong>Exp\u00e9rience\u00a0:<\/strong> Trois ann\u00e9es minimum en acoustique et vibrations <strong>ou<\/strong> en m\u00e9canique du b\u00e2timent. Le candidat(e) aura les comp\u00e9tences suivantes :<\/p>\n<ul>\n<li>Exp\u00e9rience significative dans une compagnie de conseil en ing\u00e9nierie acoustique et en vibrations<\/li>\n<li>Excellentes connaissances de la th\u00e9orie de l\u2019acoustique et des vibrations, et\/ou de la m\u00e9canique du b\u00e2timent<\/li>\n<li>Tr\u00e8s bonnes aptitudes interpersonnelles<\/li>\n<li>Exp\u00e9rience d\u2019encadrement<\/li>\n<li>Rigueur, curiosit\u00e9 esprit d\u2019\u00e9quipe, bonne capacit\u00e9 de synth\u00e8se et de bonnes qualit\u00e9s r\u00e9dactionnelles, Fran\u00e7ais et Anglais souhait\u00e9<\/li>\n<li>Une sensibilit\u00e9 au domaine de l\u2019audio ou \u00e0 la musique est un plus<\/li>\n<\/ul>\n<p><strong>Salaire\u00a0:<\/strong> Attractif selon exp\u00e9rience + cong\u00e9s attractifs + assurances priv\u00e9es + REER bonifi\u00e9<\/p>\n<p><strong>Horaire\u00a0:<\/strong> Temps plein 37,5 h\/semaine, <span>T\u00e9l\u00e9travail partiel possible, <\/span>possibilit\u00e9 de travail de nuit, possibilit\u00e9 de voyages au Qu\u00e9bec, au Canada et \u00e0 l\u2019\u00e9tranger<\/p>\n<p><strong>Localisation\u00a0:<\/strong> Montr\u00e9al, Qu\u00e9bec, Canada<\/p>\n<p>Les domaines d\u2019activit\u00e9 d\u2019<strong>Atelier 7hz<\/strong> sont les suivants\u00a0:<\/p>\n<ul>\n<li>Acoustique architecturale et acoustique des salles<\/li>\n<li>Bruit des \u00e9quipements m\u00e9caniques<\/li>\n<li>Bruit environnemental des transports<\/li>\n<li>Vibrations environnementales<\/li>\n<li>Suivi du bruit et des vibrations de chantier<\/li>\n<\/ul>\n<p>Candidature (CV+Motivations) \u00e0 <a href=\"mailto:contact@atelier 7hz.com\">rh@atelier7hz.com<\/a><\/p>\n<p>[\/et_pb_text][\/et_pb_column][\/et_pb_row][\/et_pb_section]<\/p>\n\n\n<div class=\"kk-star-ratings kksr-auto kksr-align-left kksr-valign-bottom\"\n    data-payload='{&quot;align&quot;:&quot;left&quot;,&quot;id&quot;:&quot;5179&quot;,&quot;slug&quot;:&quot;default&quot;,&quot;valign&quot;:&quot;bottom&quot;,&quot;ignore&quot;:&quot;&quot;,&quot;reference&quot;:&quot;auto&quot;,&quot;class&quot;:&quot;&quot;,&quot;count&quot;:&quot;0&quot;,&quot;legendonly&quot;:&quot;&quot;,&quot;readonly&quot;:&quot;&quot;,&quot;score&quot;:&quot;0&quot;,&quot;starsonly&quot;:&quot;&quot;,&quot;best&quot;:&quot;5&quot;,&quot;gap&quot;:&quot;4&quot;,&quot;greet&quot;:&quot;Rate this post&quot;,&quot;legend&quot;:&quot;0\\\/5 - (0 vote)&quot;,&quot;size&quot;:&quot;24&quot;,&quot;title&quot;:&quot;Offre d\\u0026#039;emploi : Charg\u00e9 de projets en Acoustique et Vibrations \u00e0 Montr\u00e9al&quot;,&quot;width&quot;:&quot;0&quot;,&quot;_legend&quot;:&quot;{score}\\\/{best} - ({count} {votes})&quot;,&quot;font_factor&quot;:&quot;1.25&quot;}'>\n            \n<div class=\"kksr-stars\">\n    \n<div class=\"kksr-stars-inactive\">\n            <div class=\"kksr-star\" data-star=\"1\" style=\"padding-right: 4px\">\n            \n\n<div class=\"kksr-icon\" style=\"width: 24px; height: 24px;\"><\/div>\n        <\/div>\n            <div class=\"kksr-star\" data-star=\"2\" style=\"padding-right: 4px\">\n            \n\n<div class=\"kksr-icon\" style=\"width: 24px; height: 24px;\"><\/div>\n        <\/div>\n            <div class=\"kksr-star\" data-star=\"3\" style=\"padding-right: 4px\">\n            \n\n<div class=\"kksr-icon\" style=\"width: 24px; height: 24px;\"><\/div>\n        <\/div>\n            <div class=\"kksr-star\" data-star=\"4\" style=\"padding-right: 4px\">\n            \n\n<div class=\"kksr-icon\" style=\"width: 24px; height: 24px;\"><\/div>\n        <\/div>\n            <div class=\"kksr-star\" data-star=\"5\" style=\"padding-right: 4px\">\n            \n\n<div class=\"kksr-icon\" style=\"width: 24px; height: 24px;\"><\/div>\n        <\/div>\n    <\/div>\n    \n<div class=\"kksr-stars-active\" style=\"width: 0px;\">\n            <div class=\"kksr-star\" style=\"padding-right: 4px\">\n            \n\n<div class=\"kksr-icon\" style=\"width: 24px; height: 24px;\"><\/div>\n        <\/div>\n            <div class=\"kksr-star\" style=\"padding-right: 4px\">\n            \n\n<div class=\"kksr-icon\" style=\"width: 24px; height: 24px;\"><\/div>\n        <\/div>\n            <div class=\"kksr-star\" style=\"padding-right: 4px\">\n            \n\n<div class=\"kksr-icon\" style=\"width: 24px; height: 24px;\"><\/div>\n        <\/div>\n            <div class=\"kksr-star\" style=\"padding-right: 4px\">\n            \n\n<div class=\"kksr-icon\" style=\"width: 24px; height: 24px;\"><\/div>\n        <\/div>\n            <div class=\"kksr-star\" style=\"padding-right: 4px\">\n            \n\n<div class=\"kksr-icon\" style=\"width: 24px; height: 24px;\"><\/div>\n        <\/div>\n    <\/div>\n<\/div>\n                \n\n<div class=\"kksr-legend\" style=\"font-size: 19.2px;\">\n            <span class=\"kksr-muted\">Rate this post<\/span>\n    <\/div>\n    <\/div>\n","protected":false},"excerpt":{"rendered":"<p>Poste de Charg\u00e9(e) de projets en Acoustique et Vibrations &#8211; Atelier 7hz &#8211; www.atelier7hz.com Tu es un.e ing\u00e9nieur.e en m\u00e9canique du b\u00e2timent et tu as un int\u00e9r\u00eat pour l\u2019acoustique? Tu souhaiterais ajouter cette sp\u00e9cialit\u00e9 \u00e0 ton exp\u00e9rience tout en continuant \u00e0 faire de la m\u00e9canique? Partager tes savoirs avec tes coll\u00e8gues pour les voir grandir [&hellip;]<\/p>\n","protected":false},"author":4,"featured_media":5190,"comment_status":"closed","ping_status":"closed","sticky":false,"template":"","format":"chat","meta":{"_et_pb_use_builder":"on","_et_pb_old_content":"","_et_gb_content_width":"","_exactmetrics_skip_tracking":false,"_exactmetrics_sitenote_active":false,"_exactmetrics_sitenote_note":"","_exactmetrics_sitenote_category":0,"footnotes":""},"categories":[1],"tags":[],"class_list":["post-5179","post","type-post","status-publish","format-chat","has-post-thumbnail","hentry","category-uncategorized","post_format-post-format-chat"],"yoast_head":"<!-- This site is optimized with the Yoast SEO plugin v25.8 - https:\/\/yoast.com\/wordpress\/plugins\/seo\/ -->\n<title>Offre d&#039;emploi : Charg\u00e9 de projets en Acoustique et Vibrations \u00e0 Montr\u00e9al - Atelier 7hz<\/title>\n<meta name=\"description\" content=\"Tu es un.e ing\u00e9nieur.e en m\u00e9canique du b\u00e2timent et tu as un int\u00e9r\u00eat pour l\u2019acoustique? Tu souhaiterais ajouter cette sp\u00e9cialit\u00e9 \u00e0 ton exp\u00e9rience tout en continuant \u00e0 faire de la m\u00e9canique? Partager tes savoirs avec tes coll\u00e8gues pour les voir grandir est quelque chose qui t\u2019allume? Nous avons une place pour toi dans notre jeune \u00e9quipe dynamique!\" \/>\n<meta name=\"robots\" content=\"index, follow, max-snippet:-1, max-image-preview:large, max-video-preview:-1\" \/>\n<link rel=\"canonical\" href=\"https:\/\/www.atelier7hz.com\/wp\/offre-demploi-charge-de-projets-a-montreal\/\" \/>\n<meta property=\"og:locale\" content=\"fr_FR\" \/>\n<meta property=\"og:type\" content=\"article\" \/>\n<meta property=\"og:title\" content=\"Offre d&#039;emploi : Charg\u00e9 de projets en Acoustique et Vibrations \u00e0 Montr\u00e9al - Atelier 7hz\" \/>\n<meta property=\"og:description\" content=\"Tu es un.e ing\u00e9nieur.e en m\u00e9canique du b\u00e2timent et tu as un int\u00e9r\u00eat pour l\u2019acoustique? Tu souhaiterais ajouter cette sp\u00e9cialit\u00e9 \u00e0 ton exp\u00e9rience tout en continuant \u00e0 faire de la m\u00e9canique? Partager tes savoirs avec tes coll\u00e8gues pour les voir grandir est quelque chose qui t\u2019allume? Nous avons une place pour toi dans notre jeune \u00e9quipe dynamique!\" \/>\n<meta property=\"og:url\" content=\"https:\/\/www.atelier7hz.com\/wp\/offre-demploi-charge-de-projets-a-montreal\/\" \/>\n<meta property=\"og:site_name\" content=\"Atelier 7hz\" \/>\n<meta property=\"article:publisher\" content=\"https:\/\/www.facebook.com\/atelier7hz\" \/>\n<meta property=\"article:author\" content=\"https:\/\/www.facebook.com\/atelier7hz\/\" \/>\n<meta property=\"article:published_time\" content=\"2023-10-13T18:20:57+00:00\" \/>\n<meta property=\"article:modified_time\" content=\"2023-10-17T14:43:03+00:00\" \/>\n<meta property=\"og:image\" content=\"https:\/\/www.atelier7hz.com\/wp\/wp-content\/uploads\/2023\/10\/2023-10-13-Nous-recrutons-en-acoustique-et-vibrations-1-1.gif\" \/>\n\t<meta property=\"og:image:width\" content=\"1024\" \/>\n\t<meta property=\"og:image:height\" content=\"576\" \/>\n\t<meta property=\"og:image:type\" content=\"image\/gif\" \/>\n<meta name=\"author\" content=\"admin\" \/>\n<meta name=\"twitter:card\" content=\"summary_large_image\" \/>\n<meta name=\"twitter:label1\" content=\"\u00c9crit par\" \/>\n\t<meta name=\"twitter:data1\" content=\"admin\" \/>\n\t<meta name=\"twitter:label2\" content=\"Dur\u00e9e de lecture estim\u00e9e\" \/>\n\t<meta name=\"twitter:data2\" content=\"2 minutes\" \/>\n<script type=\"application\/ld+json\" class=\"yoast-schema-graph\">{\"@context\":\"https:\/\/schema.org\",\"@graph\":[{\"@type\":\"Article\",\"@id\":\"https:\/\/www.atelier7hz.com\/wp\/offre-demploi-charge-de-projets-a-montreal\/#article\",\"isPartOf\":{\"@id\":\"https:\/\/www.atelier7hz.com\/wp\/offre-demploi-charge-de-projets-a-montreal\/\"},\"author\":{\"name\":\"admin\",\"@id\":\"https:\/\/www.atelier7hz.com\/wp\/#\/schema\/person\/ed0ad1c07fed02a0cb0df06e766c61eb\"},\"headline\":\"Offre d&#8217;emploi : Charg\u00e9 de projets en Acoustique et Vibrations \u00e0 Montr\u00e9al\",\"datePublished\":\"2023-10-13T18:20:57+00:00\",\"dateModified\":\"2023-10-17T14:43:03+00:00\",\"mainEntityOfPage\":{\"@id\":\"https:\/\/www.atelier7hz.com\/wp\/offre-demploi-charge-de-projets-a-montreal\/\"},\"wordCount\":574,\"publisher\":{\"@id\":\"https:\/\/www.atelier7hz.com\/wp\/#organization\"},\"image\":{\"@id\":\"https:\/\/www.atelier7hz.com\/wp\/offre-demploi-charge-de-projets-a-montreal\/#primaryimage\"},\"thumbnailUrl\":\"https:\/\/www.atelier7hz.com\/wp\/wp-content\/uploads\/2023\/10\/2023-10-13-Nous-recrutons-en-acoustique-et-vibrations-1-1.gif\",\"articleSection\":[\"Uncategorized\"],\"inLanguage\":\"fr-FR\"},{\"@type\":\"WebPage\",\"@id\":\"https:\/\/www.atelier7hz.com\/wp\/offre-demploi-charge-de-projets-a-montreal\/\",\"url\":\"https:\/\/www.atelier7hz.com\/wp\/offre-demploi-charge-de-projets-a-montreal\/\",\"name\":\"Offre d'emploi : Charg\u00e9 de projets en Acoustique et Vibrations \u00e0 Montr\u00e9al - Atelier 7hz\",\"isPartOf\":{\"@id\":\"https:\/\/www.atelier7hz.com\/wp\/#website\"},\"primaryImageOfPage\":{\"@id\":\"https:\/\/www.atelier7hz.com\/wp\/offre-demploi-charge-de-projets-a-montreal\/#primaryimage\"},\"image\":{\"@id\":\"https:\/\/www.atelier7hz.com\/wp\/offre-demploi-charge-de-projets-a-montreal\/#primaryimage\"},\"thumbnailUrl\":\"https:\/\/www.atelier7hz.com\/wp\/wp-content\/uploads\/2023\/10\/2023-10-13-Nous-recrutons-en-acoustique-et-vibrations-1-1.gif\",\"datePublished\":\"2023-10-13T18:20:57+00:00\",\"dateModified\":\"2023-10-17T14:43:03+00:00\",\"description\":\"Tu es un.e ing\u00e9nieur.e en m\u00e9canique du b\u00e2timent et tu as un int\u00e9r\u00eat pour l\u2019acoustique? Tu souhaiterais ajouter cette sp\u00e9cialit\u00e9 \u00e0 ton exp\u00e9rience tout en continuant \u00e0 faire de la m\u00e9canique? Partager tes savoirs avec tes coll\u00e8gues pour les voir grandir est quelque chose qui t\u2019allume? Nous avons une place pour toi dans notre jeune \u00e9quipe dynamique!\",\"breadcrumb\":{\"@id\":\"https:\/\/www.atelier7hz.com\/wp\/offre-demploi-charge-de-projets-a-montreal\/#breadcrumb\"},\"inLanguage\":\"fr-FR\",\"potentialAction\":[{\"@type\":\"ReadAction\",\"target\":[\"https:\/\/www.atelier7hz.com\/wp\/offre-demploi-charge-de-projets-a-montreal\/\"]}]},{\"@type\":\"ImageObject\",\"inLanguage\":\"fr-FR\",\"@id\":\"https:\/\/www.atelier7hz.com\/wp\/offre-demploi-charge-de-projets-a-montreal\/#primaryimage\",\"url\":\"https:\/\/www.atelier7hz.com\/wp\/wp-content\/uploads\/2023\/10\/2023-10-13-Nous-recrutons-en-acoustique-et-vibrations-1-1.gif\",\"contentUrl\":\"https:\/\/www.atelier7hz.com\/wp\/wp-content\/uploads\/2023\/10\/2023-10-13-Nous-recrutons-en-acoustique-et-vibrations-1-1.gif\",\"width\":1152,\"height\":648},{\"@type\":\"BreadcrumbList\",\"@id\":\"https:\/\/www.atelier7hz.com\/wp\/offre-demploi-charge-de-projets-a-montreal\/#breadcrumb\",\"itemListElement\":[{\"@type\":\"ListItem\",\"position\":1,\"name\":\"Accueil\",\"item\":\"https:\/\/www.atelier7hz.com\/wp\/\"},{\"@type\":\"ListItem\",\"position\":2,\"name\":\"Offre d&#8217;emploi : Charg\u00e9 de projets en Acoustique et Vibrations \u00e0 Montr\u00e9al\"}]},{\"@type\":\"WebSite\",\"@id\":\"https:\/\/www.atelier7hz.com\/wp\/#website\",\"url\":\"https:\/\/www.atelier7hz.com\/wp\/\",\"name\":\"Atelier 7hz\",\"description\":\"L&#039;excellence de l&#039;expertise, la clart\u00e9 des recommandations\",\"publisher\":{\"@id\":\"https:\/\/www.atelier7hz.com\/wp\/#organization\"},\"potentialAction\":[{\"@type\":\"SearchAction\",\"target\":{\"@type\":\"EntryPoint\",\"urlTemplate\":\"https:\/\/www.atelier7hz.com\/wp\/?s={search_term_string}\"},\"query-input\":{\"@type\":\"PropertyValueSpecification\",\"valueRequired\":true,\"valueName\":\"search_term_string\"}}],\"inLanguage\":\"fr-FR\"},{\"@type\":\"Organization\",\"@id\":\"https:\/\/www.atelier7hz.com\/wp\/#organization\",\"name\":\"Atelier 7hz\",\"url\":\"https:\/\/www.atelier7hz.com\/wp\/\",\"logo\":{\"@type\":\"ImageObject\",\"inLanguage\":\"fr-FR\",\"@id\":\"https:\/\/www.atelier7hz.com\/wp\/#\/schema\/logo\/image\/\",\"url\":\"https:\/\/www.atelier7hz.com\/wp\/wp-content\/uploads\/2022\/11\/Logo-2022-carre-HD-1024-e1672417311684.png\",\"contentUrl\":\"https:\/\/www.atelier7hz.com\/wp\/wp-content\/uploads\/2022\/11\/Logo-2022-carre-HD-1024-e1672417311684.png\",\"width\":300,\"height\":300,\"caption\":\"Atelier 7hz\"},\"image\":{\"@id\":\"https:\/\/www.atelier7hz.com\/wp\/#\/schema\/logo\/image\/\"},\"sameAs\":[\"https:\/\/www.facebook.com\/atelier7hz\",\"https:\/\/www.linkedin.com\/company\/atelier-7hz\"]},{\"@type\":\"Person\",\"@id\":\"https:\/\/www.atelier7hz.com\/wp\/#\/schema\/person\/ed0ad1c07fed02a0cb0df06e766c61eb\",\"name\":\"admin\",\"image\":{\"@type\":\"ImageObject\",\"inLanguage\":\"fr-FR\",\"@id\":\"https:\/\/www.atelier7hz.com\/wp\/#\/schema\/person\/image\/\",\"url\":\"https:\/\/www.atelier7hz.com\/wp\/wp-content\/litespeed\/avatar\/aa7487866df1ffb33bf759353b235b29.jpg?ver=1777299020\",\"contentUrl\":\"https:\/\/www.atelier7hz.com\/wp\/wp-content\/litespeed\/avatar\/aa7487866df1ffb33bf759353b235b29.jpg?ver=1777299020\",\"caption\":\"admin\"},\"sameAs\":[\"https:\/\/www.facebook.com\/atelier7hz\/\",\"https:\/\/www.linkedin.com\/feed\/\"],\"url\":\"https:\/\/www.atelier7hz.com\/wp\/author\/admin\/\"}]}<\/script>\n<!-- \/ Yoast SEO plugin. -->","yoast_head_json":{"title":"Offre d'emploi : Charg\u00e9 de projets en Acoustique et Vibrations \u00e0 Montr\u00e9al - Atelier 7hz","description":"Tu es un.e ing\u00e9nieur.e en m\u00e9canique du b\u00e2timent et tu as un int\u00e9r\u00eat pour l\u2019acoustique? Tu souhaiterais ajouter cette sp\u00e9cialit\u00e9 \u00e0 ton exp\u00e9rience tout en continuant \u00e0 faire de la m\u00e9canique? Partager tes savoirs avec tes coll\u00e8gues pour les voir grandir est quelque chose qui t\u2019allume? Nous avons une place pour toi dans notre jeune \u00e9quipe dynamique!","robots":{"index":"index","follow":"follow","max-snippet":"max-snippet:-1","max-image-preview":"max-image-preview:large","max-video-preview":"max-video-preview:-1"},"canonical":"https:\/\/www.atelier7hz.com\/wp\/offre-demploi-charge-de-projets-a-montreal\/","og_locale":"fr_FR","og_type":"article","og_title":"Offre d'emploi : Charg\u00e9 de projets en Acoustique et Vibrations \u00e0 Montr\u00e9al - Atelier 7hz","og_description":"Tu es un.e ing\u00e9nieur.e en m\u00e9canique du b\u00e2timent et tu as un int\u00e9r\u00eat pour l\u2019acoustique? Tu souhaiterais ajouter cette sp\u00e9cialit\u00e9 \u00e0 ton exp\u00e9rience tout en continuant \u00e0 faire de la m\u00e9canique? Partager tes savoirs avec tes coll\u00e8gues pour les voir grandir est quelque chose qui t\u2019allume? Nous avons une place pour toi dans notre jeune \u00e9quipe dynamique!","og_url":"https:\/\/www.atelier7hz.com\/wp\/offre-demploi-charge-de-projets-a-montreal\/","og_site_name":"Atelier 7hz","article_publisher":"https:\/\/www.facebook.com\/atelier7hz","article_author":"https:\/\/www.facebook.com\/atelier7hz\/","article_published_time":"2023-10-13T18:20:57+00:00","article_modified_time":"2023-10-17T14:43:03+00:00","og_image":[{"url":"https:\/\/www.atelier7hz.com\/wp\/wp-content\/uploads\/2023\/10\/2023-10-13-Nous-recrutons-en-acoustique-et-vibrations-1-1.gif","width":1024,"height":576,"type":"image\/gif"}],"author":"admin","twitter_card":"summary_large_image","twitter_misc":{"\u00c9crit par":"admin","Dur\u00e9e de lecture estim\u00e9e":"2 minutes"},"schema":{"@context":"https:\/\/schema.org","@graph":[{"@type":"Article","@id":"https:\/\/www.atelier7hz.com\/wp\/offre-demploi-charge-de-projets-a-montreal\/#article","isPartOf":{"@id":"https:\/\/www.atelier7hz.com\/wp\/offre-demploi-charge-de-projets-a-montreal\/"},"author":{"name":"admin","@id":"https:\/\/www.atelier7hz.com\/wp\/#\/schema\/person\/ed0ad1c07fed02a0cb0df06e766c61eb"},"headline":"Offre d&#8217;emploi : Charg\u00e9 de projets en Acoustique et Vibrations \u00e0 Montr\u00e9al","datePublished":"2023-10-13T18:20:57+00:00","dateModified":"2023-10-17T14:43:03+00:00","mainEntityOfPage":{"@id":"https:\/\/www.atelier7hz.com\/wp\/offre-demploi-charge-de-projets-a-montreal\/"},"wordCount":574,"publisher":{"@id":"https:\/\/www.atelier7hz.com\/wp\/#organization"},"image":{"@id":"https:\/\/www.atelier7hz.com\/wp\/offre-demploi-charge-de-projets-a-montreal\/#primaryimage"},"thumbnailUrl":"https:\/\/www.atelier7hz.com\/wp\/wp-content\/uploads\/2023\/10\/2023-10-13-Nous-recrutons-en-acoustique-et-vibrations-1-1.gif","articleSection":["Uncategorized"],"inLanguage":"fr-FR"},{"@type":"WebPage","@id":"https:\/\/www.atelier7hz.com\/wp\/offre-demploi-charge-de-projets-a-montreal\/","url":"https:\/\/www.atelier7hz.com\/wp\/offre-demploi-charge-de-projets-a-montreal\/","name":"Offre d'emploi : Charg\u00e9 de projets en Acoustique et Vibrations \u00e0 Montr\u00e9al - Atelier 7hz","isPartOf":{"@id":"https:\/\/www.atelier7hz.com\/wp\/#website"},"primaryImageOfPage":{"@id":"https:\/\/www.atelier7hz.com\/wp\/offre-demploi-charge-de-projets-a-montreal\/#primaryimage"},"image":{"@id":"https:\/\/www.atelier7hz.com\/wp\/offre-demploi-charge-de-projets-a-montreal\/#primaryimage"},"thumbnailUrl":"https:\/\/www.atelier7hz.com\/wp\/wp-content\/uploads\/2023\/10\/2023-10-13-Nous-recrutons-en-acoustique-et-vibrations-1-1.gif","datePublished":"2023-10-13T18:20:57+00:00","dateModified":"2023-10-17T14:43:03+00:00","description":"Tu es un.e ing\u00e9nieur.e en m\u00e9canique du b\u00e2timent et tu as un int\u00e9r\u00eat pour l\u2019acoustique? Tu souhaiterais ajouter cette sp\u00e9cialit\u00e9 \u00e0 ton exp\u00e9rience tout en continuant \u00e0 faire de la m\u00e9canique? Partager tes savoirs avec tes coll\u00e8gues pour les voir grandir est quelque chose qui t\u2019allume? Nous avons une place pour toi dans notre jeune \u00e9quipe dynamique!","breadcrumb":{"@id":"https:\/\/www.atelier7hz.com\/wp\/offre-demploi-charge-de-projets-a-montreal\/#breadcrumb"},"inLanguage":"fr-FR","potentialAction":[{"@type":"ReadAction","target":["https:\/\/www.atelier7hz.com\/wp\/offre-demploi-charge-de-projets-a-montreal\/"]}]},{"@type":"ImageObject","inLanguage":"fr-FR","@id":"https:\/\/www.atelier7hz.com\/wp\/offre-demploi-charge-de-projets-a-montreal\/#primaryimage","url":"https:\/\/www.atelier7hz.com\/wp\/wp-content\/uploads\/2023\/10\/2023-10-13-Nous-recrutons-en-acoustique-et-vibrations-1-1.gif","contentUrl":"https:\/\/www.atelier7hz.com\/wp\/wp-content\/uploads\/2023\/10\/2023-10-13-Nous-recrutons-en-acoustique-et-vibrations-1-1.gif","width":1152,"height":648},{"@type":"BreadcrumbList","@id":"https:\/\/www.atelier7hz.com\/wp\/offre-demploi-charge-de-projets-a-montreal\/#breadcrumb","itemListElement":[{"@type":"ListItem","position":1,"name":"Accueil","item":"https:\/\/www.atelier7hz.com\/wp\/"},{"@type":"ListItem","position":2,"name":"Offre d&#8217;emploi : Charg\u00e9 de projets en Acoustique et Vibrations \u00e0 Montr\u00e9al"}]},{"@type":"WebSite","@id":"https:\/\/www.atelier7hz.com\/wp\/#website","url":"https:\/\/www.atelier7hz.com\/wp\/","name":"Atelier 7hz","description":"L&#039;excellence de l&#039;expertise, la clart\u00e9 des recommandations","publisher":{"@id":"https:\/\/www.atelier7hz.com\/wp\/#organization"},"potentialAction":[{"@type":"SearchAction","target":{"@type":"EntryPoint","urlTemplate":"https:\/\/www.atelier7hz.com\/wp\/?s={search_term_string}"},"query-input":{"@type":"PropertyValueSpecification","valueRequired":true,"valueName":"search_term_string"}}],"inLanguage":"fr-FR"},{"@type":"Organization","@id":"https:\/\/www.atelier7hz.com\/wp\/#organization","name":"Atelier 7hz","url":"https:\/\/www.atelier7hz.com\/wp\/","logo":{"@type":"ImageObject","inLanguage":"fr-FR","@id":"https:\/\/www.atelier7hz.com\/wp\/#\/schema\/logo\/image\/","url":"https:\/\/www.atelier7hz.com\/wp\/wp-content\/uploads\/2022\/11\/Logo-2022-carre-HD-1024-e1672417311684.png","contentUrl":"https:\/\/www.atelier7hz.com\/wp\/wp-content\/uploads\/2022\/11\/Logo-2022-carre-HD-1024-e1672417311684.png","width":300,"height":300,"caption":"Atelier 7hz"},"image":{"@id":"https:\/\/www.atelier7hz.com\/wp\/#\/schema\/logo\/image\/"},"sameAs":["https:\/\/www.facebook.com\/atelier7hz","https:\/\/www.linkedin.com\/company\/atelier-7hz"]},{"@type":"Person","@id":"https:\/\/www.atelier7hz.com\/wp\/#\/schema\/person\/ed0ad1c07fed02a0cb0df06e766c61eb","name":"admin","image":{"@type":"ImageObject","inLanguage":"fr-FR","@id":"https:\/\/www.atelier7hz.com\/wp\/#\/schema\/person\/image\/","url":"https:\/\/www.atelier7hz.com\/wp\/wp-content\/litespeed\/avatar\/aa7487866df1ffb33bf759353b235b29.jpg?ver=1777299020","contentUrl":"https:\/\/www.atelier7hz.com\/wp\/wp-content\/litespeed\/avatar\/aa7487866df1ffb33bf759353b235b29.jpg?ver=1777299020","caption":"admin"},"sameAs":["https:\/\/www.facebook.com\/atelier7hz\/","https:\/\/www.linkedin.com\/feed\/"],"url":"https:\/\/www.atelier7hz.com\/wp\/author\/admin\/"}]}},"_links":{"self":[{"href":"https:\/\/www.atelier7hz.com\/wp\/wp-json\/wp\/v2\/posts\/5179","targetHints":{"allow":["GET"]}}],"collection":[{"href":"https:\/\/www.atelier7hz.com\/wp\/wp-json\/wp\/v2\/posts"}],"about":[{"href":"https:\/\/www.atelier7hz.com\/wp\/wp-json\/wp\/v2\/types\/post"}],"author":[{"embeddable":true,"href":"https:\/\/www.atelier7hz.com\/wp\/wp-json\/wp\/v2\/users\/4"}],"replies":[{"embeddable":true,"href":"https:\/\/www.atelier7hz.com\/wp\/wp-json\/wp\/v2\/comments?post=5179"}],"version-history":[{"count":9,"href":"https:\/\/www.atelier7hz.com\/wp\/wp-json\/wp\/v2\/posts\/5179\/revisions"}],"predecessor-version":[{"id":5193,"href":"https:\/\/www.atelier7hz.com\/wp\/wp-json\/wp\/v2\/posts\/5179\/revisions\/5193"}],"wp:featuredmedia":[{"embeddable":true,"href":"https:\/\/www.atelier7hz.com\/wp\/wp-json\/wp\/v2\/media\/5190"}],"wp:attachment":[{"href":"https:\/\/www.atelier7hz.com\/wp\/wp-json\/wp\/v2\/media?parent=5179"}],"wp:term":[{"taxonomy":"category","embeddable":true,"href":"https:\/\/www.atelier7hz.com\/wp\/wp-json\/wp\/v2\/categories?post=5179"},{"taxonomy":"post_tag","embeddable":true,"href":"https:\/\/www.atelier7hz.com\/wp\/wp-json\/wp\/v2\/tags?post=5179"}],"curies":[{"name":"wp","href":"https:\/\/api.w.org\/{rel}","templated":true}]}}