{"id":6861,"date":"2026-02-09T15:55:31","date_gmt":"2026-02-09T20:55:31","guid":{"rendered":"https:\/\/www.atelier7hz.com\/wp\/?p=6861"},"modified":"2026-02-09T15:55:43","modified_gmt":"2026-02-09T20:55:43","slug":"offre-demploi-technicien-responsable-du-materiel-acoustique-et-vibrations-montreal-quebec","status":"publish","type":"post","link":"https:\/\/www.atelier7hz.com\/wp\/offre-demploi-technicien-responsable-du-materiel-acoustique-et-vibrations-montreal-quebec\/","title":{"rendered":"Offre d&#8217;emploi : Technicien \u2013 Responsable du mat\u00e9riel \u2013 Acoustique et Vibrations &#8211; Montr\u00e9al, Qu\u00e9bec"},"content":{"rendered":"<p>[et_pb_section fb_built=\u00a0\u00bb1&Prime; _builder_version=\u00a0\u00bb4.27.4&Prime; _module_preset=\u00a0\u00bbdefault\u00a0\u00bb custom_padding=\u00a0\u00bb7px|||||\u00a0\u00bb global_colors_info=\u00a0\u00bb{}\u00a0\u00bb][et_pb_row column_structure=\u00a0\u00bb1_2,1_2&Prime; _builder_version=\u00a0\u00bb4.27.4&Prime; _module_preset=\u00a0\u00bbdefault\u00a0\u00bb global_colors_info=\u00a0\u00bb{}\u00a0\u00bb][et_pb_column type=\u00a0\u00bb1_2&Prime; _builder_version=\u00a0\u00bb4.27.4&Prime; _module_preset=\u00a0\u00bbdefault\u00a0\u00bb global_colors_info=\u00a0\u00bb{}\u00a0\u00bb][et_pb_text _builder_version=\u00a0\u00bb4.27.4&Prime; _module_preset=\u00a0\u00bbdefault\u00a0\u00bb global_colors_info=\u00a0\u00bb{}\u00a0\u00bb]<\/p>\n<p><strong><span>Atelier 7hz \u2013 Firme de g\u00e9nie-conseil en acoustique, vibrations et environnement<\/span><\/strong><span> \u2013 Montr\u00e9al<\/span><\/p>\n<p>Tu es technicien(ne) <strong>ou simplement habile de tes mains<\/strong> et tu as un int\u00e9r\u00eat pour l\u2019<strong>acoustique<\/strong> et les <strong>vibrations<\/strong> ?<br \/>Tu aimes le travail concret, le mat\u00e9riel technique, le terrain, et tu souhaites \u00e9voluer dans une \u00e9quipe o\u00f9 tu peux apprendre, toucher \u00e0 tout et prendre rapidement des responsabilit\u00e9s ?<\/p>\n<p>Atelier 7hz est \u00e0 la recherche d\u2019une personne curieuse, d\u00e9brouillarde et motiv\u00e9e pour occuper un r\u00f4le cl\u00e9 de Responsable du mat\u00e9riel au sein de son \u00e9quipe.<\/p>\n<p>[\/et_pb_text][\/et_pb_column][et_pb_column type=\u00a0\u00bb1_2&Prime; _builder_version=\u00a0\u00bb4.27.4&Prime; _module_preset=\u00a0\u00bbdefault\u00a0\u00bb global_colors_info=\u00a0\u00bb{}\u00a0\u00bb][et_pb_image src=\u00a0\u00bbhttps:\/\/www.atelier7hz.com\/wp\/wp-content\/uploads\/2026\/02\/Technicien-Emploi.jpg\u00a0\u00bb title_text=\u00a0\u00bbTechnicien-Emploi\u00a0\u00bb _builder_version=\u00a0\u00bb4.27.4&Prime; _module_preset=\u00a0\u00bbdefault\u00a0\u00bb hover_enabled=\u00a0\u00bb0&Prime; global_colors_info=\u00a0\u00bb{}\u00a0\u00bb sticky_enabled=\u00a0\u00bb0&Prime;][\/et_pb_image][\/et_pb_column][\/et_pb_row][et_pb_row _builder_version=\u00a0\u00bb4.20.0&Prime; _module_preset=\u00a0\u00bbdefault\u00a0\u00bb global_colors_info=\u00a0\u00bb{}\u00a0\u00bb][et_pb_column type=\u00a0\u00bb4_4&Prime; _builder_version=\u00a0\u00bb4.20.0&Prime; _module_preset=\u00a0\u00bbdefault\u00a0\u00bb global_colors_info=\u00a0\u00bb{}\u00a0\u00bb][et_pb_text _builder_version=\u00a0\u00bb4.27.4&Prime; _module_preset=\u00a0\u00bbdefault\u00a0\u00bb text_font=\u00a0\u00bb||||||||\u00a0\u00bb text_text_color=\u00a0\u00bb#000000&Prime; text_orientation=\u00a0\u00bbjustified\u00a0\u00bb min_height=\u00a0\u00bb167.1px\u00a0\u00bb custom_padding=\u00a0\u00bb||0px|||\u00a0\u00bb global_colors_info=\u00a0\u00bb{}\u00a0\u00bb]<\/p>\n<p><strong>\u00c0 propos d\u2019Atelier 7hz<\/strong><\/p>\n<p>Atelier 7hz est une firme de g\u00e9nie-conseil sp\u00e9cialis\u00e9e en acoustique, vibrations et environnement.<br \/>Nous intervenons sur des projets vari\u00e9s et concrets : centres hospitaliers, \u00e9coles, bureaux, b\u00e2timents publics, infrastructures de transport, chantiers de construction et m\u00eame des salles de spectacles.<\/p>\n<p>Notre priorit\u00e9 : le confort des occupants et des usagers des b\u00e2timents et des infrastructures sur lesquels nous mettons toute notre \u00e9nergie.<\/p>\n<p><strong>Ton r\u00f4le<\/strong><\/p>\n<p>En tant que Responsable du mat\u00e9riel, tu joueras un r\u00f4le central dans les op\u00e9rations techniques de l\u2019entreprise. Concr\u00e8tement, tu seras appel\u00e9(e) \u00e0 :<\/p>\n<ul>\n<li>G\u00e9rer, pr\u00e9parer et entretenir le mat\u00e9riel de mesure en acoustique et en vibrations<\/li>\n<li>Assurer l\u2019organisation, le suivi et la logistique des \u00e9quipements<\/li>\n<li>Installer et r\u00e9cup\u00e9rer le mat\u00e9riel sur les chantiers et sites de mesure<\/li>\n<li>Participer activement \u00e0 la fabrication et \u00e0 l\u2019am\u00e9lioration de stations de mesure<\/li>\n<li>Soutenir les \u00e9quipes techniques lors des campagnes de mesures<\/li>\n<li>Contribuer \u00e0 l\u2019am\u00e9lioration continue des m\u00e9thodes et des outils internes<\/li>\n<\/ul>\n<p>Ce poste combine travail terrain, atelier et support technique, dans un environnement collaboratif.<\/p>\n<p><strong>Ce qu\u2019on recherche surtout<\/strong><\/p>\n<ul>\n<li>Int\u00e9r\u00eat marqu\u00e9 pour l\u2019acoustique et\/ou les vibrations<\/li>\n<li>D\u00e9brouillardise, sens pratique et autonomie<\/li>\n<li>Rigueur, curiosit\u00e9 et envie d\u2019apprendre<\/li>\n<li>Aisance avec le travail manuel et le travail terrain<\/li>\n<li>Esprit d\u2019\u00e9quipe et attitude proactive<\/li>\n<li><strong>Permis de conduire valide (obligatoire)<\/strong><\/li>\n<\/ul>\n<p>\ud83d\udc49 <strong>Aucune formation sp\u00e9cifique n\u2019est exig\u00e9e.<\/strong><br \/>Ce sont surtout ton attitude, ton int\u00e9r\u00eat et ta capacit\u00e9 d\u2019apprentissage qui feront la diff\u00e9rence.<\/p>\n<p><strong>Conditions de travail<\/strong><\/p>\n<ul>\n<li><strong>Poste permanent<\/strong>, temps plein (37,5 h\/semaine)<\/li>\n<li><strong>Salaire comp\u00e9titif<\/strong>, selon l\u2019exp\u00e9rience<\/li>\n<li><strong>Avantages sociaux<\/strong> :<\/li>\n<ul>\n<li>Assurances collectives<\/li>\n<li>REER bonifi\u00e9<\/li>\n<\/ul>\n<li><strong>Lieu de travail<\/strong> : Montr\u00e9al (5450, rue de Bordeaux, bureau 204)<\/li>\n<\/ul>\n<p><strong>Int\u00e9ress\u00e9(e) ?<\/strong><\/p>\n<p>\u00c9cris-nous \u00e0 <strong>rh@atelier7hz.com<\/strong> \u2014<br \/>il nous fera vraiment plaisir d\u2019\u00e9changer avec toi et de discuter du poste.<\/p>\n<p>[\/et_pb_text][\/et_pb_column][\/et_pb_row][\/et_pb_section]<\/p>\n\n\n<div class=\"kk-star-ratings kksr-auto kksr-align-left kksr-valign-bottom\"\n    data-payload='{&quot;align&quot;:&quot;left&quot;,&quot;id&quot;:&quot;6861&quot;,&quot;slug&quot;:&quot;default&quot;,&quot;valign&quot;:&quot;bottom&quot;,&quot;ignore&quot;:&quot;&quot;,&quot;reference&quot;:&quot;auto&quot;,&quot;class&quot;:&quot;&quot;,&quot;count&quot;:&quot;0&quot;,&quot;legendonly&quot;:&quot;&quot;,&quot;readonly&quot;:&quot;&quot;,&quot;score&quot;:&quot;0&quot;,&quot;starsonly&quot;:&quot;&quot;,&quot;best&quot;:&quot;5&quot;,&quot;gap&quot;:&quot;4&quot;,&quot;greet&quot;:&quot;Rate this post&quot;,&quot;legend&quot;:&quot;0\\\/5 - (0 vote)&quot;,&quot;size&quot;:&quot;24&quot;,&quot;title&quot;:&quot;Offre d\\u0026#039;emploi : Technicien \u2013 Responsable du mat\u00e9riel \u2013 Acoustique et Vibrations - Montr\u00e9al, Qu\u00e9bec&quot;,&quot;width&quot;:&quot;0&quot;,&quot;_legend&quot;:&quot;{score}\\\/{best} - ({count} {votes})&quot;,&quot;font_factor&quot;:&quot;1.25&quot;}'>\n            \n<div class=\"kksr-stars\">\n    \n<div class=\"kksr-stars-inactive\">\n            <div class=\"kksr-star\" data-star=\"1\" style=\"padding-right: 4px\">\n            \n\n<div class=\"kksr-icon\" style=\"width: 24px; height: 24px;\"><\/div>\n        <\/div>\n            <div class=\"kksr-star\" data-star=\"2\" style=\"padding-right: 4px\">\n            \n\n<div class=\"kksr-icon\" style=\"width: 24px; height: 24px;\"><\/div>\n        <\/div>\n            <div class=\"kksr-star\" data-star=\"3\" style=\"padding-right: 4px\">\n            \n\n<div class=\"kksr-icon\" style=\"width: 24px; height: 24px;\"><\/div>\n        <\/div>\n            <div class=\"kksr-star\" data-star=\"4\" style=\"padding-right: 4px\">\n            \n\n<div class=\"kksr-icon\" style=\"width: 24px; height: 24px;\"><\/div>\n        <\/div>\n            <div class=\"kksr-star\" data-star=\"5\" style=\"padding-right: 4px\">\n            \n\n<div class=\"kksr-icon\" style=\"width: 24px; height: 24px;\"><\/div>\n        <\/div>\n    <\/div>\n    \n<div class=\"kksr-stars-active\" style=\"width: 0px;\">\n            <div class=\"kksr-star\" style=\"padding-right: 4px\">\n            \n\n<div class=\"kksr-icon\" style=\"width: 24px; height: 24px;\"><\/div>\n        <\/div>\n            <div class=\"kksr-star\" style=\"padding-right: 4px\">\n            \n\n<div class=\"kksr-icon\" style=\"width: 24px; height: 24px;\"><\/div>\n        <\/div>\n            <div class=\"kksr-star\" style=\"padding-right: 4px\">\n            \n\n<div class=\"kksr-icon\" style=\"width: 24px; height: 24px;\"><\/div>\n        <\/div>\n            <div class=\"kksr-star\" style=\"padding-right: 4px\">\n            \n\n<div class=\"kksr-icon\" style=\"width: 24px; height: 24px;\"><\/div>\n        <\/div>\n            <div class=\"kksr-star\" style=\"padding-right: 4px\">\n            \n\n<div class=\"kksr-icon\" style=\"width: 24px; height: 24px;\"><\/div>\n        <\/div>\n    <\/div>\n<\/div>\n                \n\n<div class=\"kksr-legend\" style=\"font-size: 19.2px;\">\n            <span class=\"kksr-muted\">Rate this post<\/span>\n    <\/div>\n    <\/div>\n","protected":false},"excerpt":{"rendered":"<p>Vous \u00eates ing\u00e9nieur dans le domaine de l\u2019environnement, de l\u2019acoustique ou des vibrations, avec 5 \u00e0 10 ans ou plus d\u2019exp\u00e9rience ? Vous souhaitez contribuer \u00e0 des projets d\u2019envergure, encadrer une \u00e9quipe et piloter des mandats strat\u00e9giques ? Rejoignez Atelier 7hz, une firme de g\u00e9nie-conseil dynamique et innovante.<\/p>\n","protected":false},"author":4,"featured_media":6262,"comment_status":"closed","ping_status":"closed","sticky":false,"template":"","format":"chat","meta":{"_et_pb_use_builder":"on","_et_pb_old_content":"","_et_gb_content_width":"2880","_exactmetrics_skip_tracking":false,"_exactmetrics_sitenote_active":false,"_exactmetrics_sitenote_note":"","_exactmetrics_sitenote_category":0,"footnotes":""},"categories":[8,14,1],"tags":[135,54,137,18,78,133,70,58,64,62,145,143,82,80,141,122,84,139,169,52,167,72,60,74,66,68,56],"class_list":["post-6861","post","type-post","status-publish","format-chat","has-post-thumbnail","hentry","category-architecture","category-toutes","category-uncategorized","tag-a7hz","tag-acoustic","tag-acousticien","tag-acoustique","tag-architecture","tag-atelier-7hz","tag-audio","tag-bruit","tag-conseiller","tag-consultant","tag-engineering","tag-enginer","tag-environment","tag-environnement","tag-ingenierie","tag-ingenierie-acoustique-vibration-fr","tag-ingenierie-acoustique-vibrations","tag-ingenieur","tag-insonorisation","tag-isolation","tag-isolation-acoustique","tag-mitigation","tag-noise","tag-reduction","tag-sonore","tag-sound","tag-vibration","post_format-post-format-chat"],"yoast_head":"<!-- This site is optimized with the Yoast SEO plugin v25.8 - https:\/\/yoast.com\/wordpress\/plugins\/seo\/ -->\n<title>Offre d&#039;emploi : Technicien \u2013 Responsable du mat\u00e9riel \u2013 Acoustique et Vibrations - Montr\u00e9al, Qu\u00e9bec - Atelier 7hz<\/title>\n<meta name=\"description\" content=\"Chez Atelier 7hz, l\u2019impact environnemental de nos solutions est au c\u0153ur de notre mission. Outre la recherche de minimiser notre impact dans notre activit\u00e9 au jour le jour, nous cherchons \u00e0 classer les solutions que nous recommandons en terme d\u2019impact environnemental.\" \/>\n<meta name=\"robots\" content=\"index, follow, max-snippet:-1, max-image-preview:large, max-video-preview:-1\" \/>\n<link rel=\"canonical\" href=\"https:\/\/www.atelier7hz.com\/wp\/offre-demploi-technicien-responsable-du-materiel-acoustique-et-vibrations-montreal-quebec\/\" \/>\n<meta property=\"og:locale\" content=\"fr_FR\" \/>\n<meta property=\"og:type\" content=\"article\" \/>\n<meta property=\"og:title\" content=\"Offre d&#039;emploi : Technicien \u2013 Responsable du mat\u00e9riel \u2013 Acoustique et Vibrations - Montr\u00e9al, Qu\u00e9bec - Atelier 7hz\" \/>\n<meta property=\"og:description\" content=\"Chez Atelier 7hz, l\u2019impact environnemental de nos solutions est au c\u0153ur de notre mission. Outre la recherche de minimiser notre impact dans notre activit\u00e9 au jour le jour, nous cherchons \u00e0 classer les solutions que nous recommandons en terme d\u2019impact environnemental.\" \/>\n<meta property=\"og:url\" content=\"https:\/\/www.atelier7hz.com\/wp\/offre-demploi-technicien-responsable-du-materiel-acoustique-et-vibrations-montreal-quebec\/\" \/>\n<meta property=\"og:site_name\" content=\"Atelier 7hz\" \/>\n<meta property=\"article:publisher\" content=\"https:\/\/www.facebook.com\/atelier7hz\" \/>\n<meta property=\"article:author\" content=\"https:\/\/www.facebook.com\/atelier7hz\/\" \/>\n<meta property=\"article:published_time\" content=\"2026-02-09T20:55:31+00:00\" \/>\n<meta property=\"article:modified_time\" content=\"2026-02-09T20:55:43+00:00\" \/>\n<meta property=\"og:image\" content=\"https:\/\/www.atelier7hz.com\/wp\/wp-content\/uploads\/2025\/06\/ResponsablePole-Atelier7hz-Montreal.jpg\" \/>\n\t<meta property=\"og:image:width\" content=\"689\" \/>\n\t<meta property=\"og:image:height\" content=\"690\" \/>\n\t<meta property=\"og:image:type\" content=\"image\/jpeg\" \/>\n<meta name=\"author\" content=\"admin\" \/>\n<meta name=\"twitter:card\" content=\"summary_large_image\" \/>\n<meta name=\"twitter:label1\" content=\"\u00c9crit par\" \/>\n\t<meta name=\"twitter:data1\" content=\"admin\" \/>\n\t<meta name=\"twitter:label2\" content=\"Dur\u00e9e de lecture estim\u00e9e\" \/>\n\t<meta name=\"twitter:data2\" content=\"3 minutes\" \/>\n<script type=\"application\/ld+json\" class=\"yoast-schema-graph\">{\"@context\":\"https:\/\/schema.org\",\"@graph\":[{\"@type\":\"Article\",\"@id\":\"https:\/\/www.atelier7hz.com\/wp\/offre-demploi-technicien-responsable-du-materiel-acoustique-et-vibrations-montreal-quebec\/#article\",\"isPartOf\":{\"@id\":\"https:\/\/www.atelier7hz.com\/wp\/offre-demploi-technicien-responsable-du-materiel-acoustique-et-vibrations-montreal-quebec\/\"},\"author\":{\"name\":\"admin\",\"@id\":\"https:\/\/www.atelier7hz.com\/wp\/#\/schema\/person\/ed0ad1c07fed02a0cb0df06e766c61eb\"},\"headline\":\"Offre d&#8217;emploi : Technicien \u2013 Responsable du mat\u00e9riel \u2013 Acoustique et Vibrations &#8211; Montr\u00e9al, Qu\u00e9bec\",\"datePublished\":\"2026-02-09T20:55:31+00:00\",\"dateModified\":\"2026-02-09T20:55:43+00:00\",\"mainEntityOfPage\":{\"@id\":\"https:\/\/www.atelier7hz.com\/wp\/offre-demploi-technicien-responsable-du-materiel-acoustique-et-vibrations-montreal-quebec\/\"},\"wordCount\":596,\"publisher\":{\"@id\":\"https:\/\/www.atelier7hz.com\/wp\/#organization\"},\"image\":{\"@id\":\"https:\/\/www.atelier7hz.com\/wp\/offre-demploi-technicien-responsable-du-materiel-acoustique-et-vibrations-montreal-quebec\/#primaryimage\"},\"thumbnailUrl\":\"https:\/\/www.atelier7hz.com\/wp\/wp-content\/uploads\/2025\/06\/ResponsablePole-Atelier7hz-Montreal.jpg\",\"keywords\":[\"A7hz\",\"Acoustic\",\"acousticien\",\"Acoustique\",\"Architecture\",\"Atelier 7hz\",\"Audio\",\"Bruit\",\"Conseiller\",\"Consultant\",\"engineering\",\"enginer\",\"Environment\",\"Environnement\",\"ing\u00e9nierie\",\"Ing\u00e9nierie Acoustique vibration\",\"Ing\u00e9nierie Acoustique Vibrations\",\"ing\u00e9nieur\",\"insonorisation\",\"Isolation\",\"isolation acoustique\",\"Mitigation\",\"Noise\",\"R\u00e9duction\",\"Sonore\",\"Sound\",\"Vibration\"],\"articleSection\":[\"Architecture\",\"Toutes\",\"Uncategorized\"],\"inLanguage\":\"fr-FR\"},{\"@type\":\"WebPage\",\"@id\":\"https:\/\/www.atelier7hz.com\/wp\/offre-demploi-technicien-responsable-du-materiel-acoustique-et-vibrations-montreal-quebec\/\",\"url\":\"https:\/\/www.atelier7hz.com\/wp\/offre-demploi-technicien-responsable-du-materiel-acoustique-et-vibrations-montreal-quebec\/\",\"name\":\"Offre d'emploi : Technicien \u2013 Responsable du mat\u00e9riel \u2013 Acoustique et Vibrations - Montr\u00e9al, Qu\u00e9bec - Atelier 7hz\",\"isPartOf\":{\"@id\":\"https:\/\/www.atelier7hz.com\/wp\/#website\"},\"primaryImageOfPage\":{\"@id\":\"https:\/\/www.atelier7hz.com\/wp\/offre-demploi-technicien-responsable-du-materiel-acoustique-et-vibrations-montreal-quebec\/#primaryimage\"},\"image\":{\"@id\":\"https:\/\/www.atelier7hz.com\/wp\/offre-demploi-technicien-responsable-du-materiel-acoustique-et-vibrations-montreal-quebec\/#primaryimage\"},\"thumbnailUrl\":\"https:\/\/www.atelier7hz.com\/wp\/wp-content\/uploads\/2025\/06\/ResponsablePole-Atelier7hz-Montreal.jpg\",\"datePublished\":\"2026-02-09T20:55:31+00:00\",\"dateModified\":\"2026-02-09T20:55:43+00:00\",\"description\":\"Chez Atelier 7hz, l\u2019impact environnemental de nos solutions est au c\u0153ur de notre mission. Outre la recherche de minimiser notre impact dans notre activit\u00e9 au jour le jour, nous cherchons \u00e0 classer les solutions que nous recommandons en terme d\u2019impact environnemental.\",\"breadcrumb\":{\"@id\":\"https:\/\/www.atelier7hz.com\/wp\/offre-demploi-technicien-responsable-du-materiel-acoustique-et-vibrations-montreal-quebec\/#breadcrumb\"},\"inLanguage\":\"fr-FR\",\"potentialAction\":[{\"@type\":\"ReadAction\",\"target\":[\"https:\/\/www.atelier7hz.com\/wp\/offre-demploi-technicien-responsable-du-materiel-acoustique-et-vibrations-montreal-quebec\/\"]}]},{\"@type\":\"ImageObject\",\"inLanguage\":\"fr-FR\",\"@id\":\"https:\/\/www.atelier7hz.com\/wp\/offre-demploi-technicien-responsable-du-materiel-acoustique-et-vibrations-montreal-quebec\/#primaryimage\",\"url\":\"https:\/\/www.atelier7hz.com\/wp\/wp-content\/uploads\/2025\/06\/ResponsablePole-Atelier7hz-Montreal.jpg\",\"contentUrl\":\"https:\/\/www.atelier7hz.com\/wp\/wp-content\/uploads\/2025\/06\/ResponsablePole-Atelier7hz-Montreal.jpg\",\"width\":689,\"height\":690},{\"@type\":\"BreadcrumbList\",\"@id\":\"https:\/\/www.atelier7hz.com\/wp\/offre-demploi-technicien-responsable-du-materiel-acoustique-et-vibrations-montreal-quebec\/#breadcrumb\",\"itemListElement\":[{\"@type\":\"ListItem\",\"position\":1,\"name\":\"Accueil\",\"item\":\"https:\/\/www.atelier7hz.com\/wp\/\"},{\"@type\":\"ListItem\",\"position\":2,\"name\":\"Offre d&#8217;emploi : Technicien \u2013 Responsable du mat\u00e9riel \u2013 Acoustique et Vibrations &#8211; Montr\u00e9al, Qu\u00e9bec\"}]},{\"@type\":\"WebSite\",\"@id\":\"https:\/\/www.atelier7hz.com\/wp\/#website\",\"url\":\"https:\/\/www.atelier7hz.com\/wp\/\",\"name\":\"Atelier 7hz\",\"description\":\"L&#039;excellence de l&#039;expertise, la clart\u00e9 des recommandations\",\"publisher\":{\"@id\":\"https:\/\/www.atelier7hz.com\/wp\/#organization\"},\"potentialAction\":[{\"@type\":\"SearchAction\",\"target\":{\"@type\":\"EntryPoint\",\"urlTemplate\":\"https:\/\/www.atelier7hz.com\/wp\/?s={search_term_string}\"},\"query-input\":{\"@type\":\"PropertyValueSpecification\",\"valueRequired\":true,\"valueName\":\"search_term_string\"}}],\"inLanguage\":\"fr-FR\"},{\"@type\":\"Organization\",\"@id\":\"https:\/\/www.atelier7hz.com\/wp\/#organization\",\"name\":\"Atelier 7hz\",\"url\":\"https:\/\/www.atelier7hz.com\/wp\/\",\"logo\":{\"@type\":\"ImageObject\",\"inLanguage\":\"fr-FR\",\"@id\":\"https:\/\/www.atelier7hz.com\/wp\/#\/schema\/logo\/image\/\",\"url\":\"https:\/\/www.atelier7hz.com\/wp\/wp-content\/uploads\/2022\/11\/Logo-2022-carre-HD-1024-e1672417311684.png\",\"contentUrl\":\"https:\/\/www.atelier7hz.com\/wp\/wp-content\/uploads\/2022\/11\/Logo-2022-carre-HD-1024-e1672417311684.png\",\"width\":300,\"height\":300,\"caption\":\"Atelier 7hz\"},\"image\":{\"@id\":\"https:\/\/www.atelier7hz.com\/wp\/#\/schema\/logo\/image\/\"},\"sameAs\":[\"https:\/\/www.facebook.com\/atelier7hz\",\"https:\/\/www.linkedin.com\/company\/atelier-7hz\"]},{\"@type\":\"Person\",\"@id\":\"https:\/\/www.atelier7hz.com\/wp\/#\/schema\/person\/ed0ad1c07fed02a0cb0df06e766c61eb\",\"name\":\"admin\",\"image\":{\"@type\":\"ImageObject\",\"inLanguage\":\"fr-FR\",\"@id\":\"https:\/\/www.atelier7hz.com\/wp\/#\/schema\/person\/image\/\",\"url\":\"https:\/\/www.atelier7hz.com\/wp\/wp-content\/litespeed\/avatar\/aa7487866df1ffb33bf759353b235b29.jpg?ver=1776694218\",\"contentUrl\":\"https:\/\/www.atelier7hz.com\/wp\/wp-content\/litespeed\/avatar\/aa7487866df1ffb33bf759353b235b29.jpg?ver=1776694218\",\"caption\":\"admin\"},\"sameAs\":[\"https:\/\/www.facebook.com\/atelier7hz\/\",\"https:\/\/www.linkedin.com\/feed\/\"],\"url\":\"https:\/\/www.atelier7hz.com\/wp\/author\/admin\/\"}]}<\/script>\n<!-- \/ Yoast SEO plugin. -->","yoast_head_json":{"title":"Offre d'emploi : Technicien \u2013 Responsable du mat\u00e9riel \u2013 Acoustique et Vibrations - Montr\u00e9al, Qu\u00e9bec - Atelier 7hz","description":"Chez Atelier 7hz, l\u2019impact environnemental de nos solutions est au c\u0153ur de notre mission. Outre la recherche de minimiser notre impact dans notre activit\u00e9 au jour le jour, nous cherchons \u00e0 classer les solutions que nous recommandons en terme d\u2019impact environnemental.","robots":{"index":"index","follow":"follow","max-snippet":"max-snippet:-1","max-image-preview":"max-image-preview:large","max-video-preview":"max-video-preview:-1"},"canonical":"https:\/\/www.atelier7hz.com\/wp\/offre-demploi-technicien-responsable-du-materiel-acoustique-et-vibrations-montreal-quebec\/","og_locale":"fr_FR","og_type":"article","og_title":"Offre d'emploi : Technicien \u2013 Responsable du mat\u00e9riel \u2013 Acoustique et Vibrations - Montr\u00e9al, Qu\u00e9bec - Atelier 7hz","og_description":"Chez Atelier 7hz, l\u2019impact environnemental de nos solutions est au c\u0153ur de notre mission. Outre la recherche de minimiser notre impact dans notre activit\u00e9 au jour le jour, nous cherchons \u00e0 classer les solutions que nous recommandons en terme d\u2019impact environnemental.","og_url":"https:\/\/www.atelier7hz.com\/wp\/offre-demploi-technicien-responsable-du-materiel-acoustique-et-vibrations-montreal-quebec\/","og_site_name":"Atelier 7hz","article_publisher":"https:\/\/www.facebook.com\/atelier7hz","article_author":"https:\/\/www.facebook.com\/atelier7hz\/","article_published_time":"2026-02-09T20:55:31+00:00","article_modified_time":"2026-02-09T20:55:43+00:00","og_image":[{"width":689,"height":690,"url":"https:\/\/www.atelier7hz.com\/wp\/wp-content\/uploads\/2025\/06\/ResponsablePole-Atelier7hz-Montreal.jpg","type":"image\/jpeg"}],"author":"admin","twitter_card":"summary_large_image","twitter_misc":{"\u00c9crit par":"admin","Dur\u00e9e de lecture estim\u00e9e":"3 minutes"},"schema":{"@context":"https:\/\/schema.org","@graph":[{"@type":"Article","@id":"https:\/\/www.atelier7hz.com\/wp\/offre-demploi-technicien-responsable-du-materiel-acoustique-et-vibrations-montreal-quebec\/#article","isPartOf":{"@id":"https:\/\/www.atelier7hz.com\/wp\/offre-demploi-technicien-responsable-du-materiel-acoustique-et-vibrations-montreal-quebec\/"},"author":{"name":"admin","@id":"https:\/\/www.atelier7hz.com\/wp\/#\/schema\/person\/ed0ad1c07fed02a0cb0df06e766c61eb"},"headline":"Offre d&#8217;emploi : Technicien \u2013 Responsable du mat\u00e9riel \u2013 Acoustique et Vibrations &#8211; Montr\u00e9al, Qu\u00e9bec","datePublished":"2026-02-09T20:55:31+00:00","dateModified":"2026-02-09T20:55:43+00:00","mainEntityOfPage":{"@id":"https:\/\/www.atelier7hz.com\/wp\/offre-demploi-technicien-responsable-du-materiel-acoustique-et-vibrations-montreal-quebec\/"},"wordCount":596,"publisher":{"@id":"https:\/\/www.atelier7hz.com\/wp\/#organization"},"image":{"@id":"https:\/\/www.atelier7hz.com\/wp\/offre-demploi-technicien-responsable-du-materiel-acoustique-et-vibrations-montreal-quebec\/#primaryimage"},"thumbnailUrl":"https:\/\/www.atelier7hz.com\/wp\/wp-content\/uploads\/2025\/06\/ResponsablePole-Atelier7hz-Montreal.jpg","keywords":["A7hz","Acoustic","acousticien","Acoustique","Architecture","Atelier 7hz","Audio","Bruit","Conseiller","Consultant","engineering","enginer","Environment","Environnement","ing\u00e9nierie","Ing\u00e9nierie Acoustique vibration","Ing\u00e9nierie Acoustique Vibrations","ing\u00e9nieur","insonorisation","Isolation","isolation acoustique","Mitigation","Noise","R\u00e9duction","Sonore","Sound","Vibration"],"articleSection":["Architecture","Toutes","Uncategorized"],"inLanguage":"fr-FR"},{"@type":"WebPage","@id":"https:\/\/www.atelier7hz.com\/wp\/offre-demploi-technicien-responsable-du-materiel-acoustique-et-vibrations-montreal-quebec\/","url":"https:\/\/www.atelier7hz.com\/wp\/offre-demploi-technicien-responsable-du-materiel-acoustique-et-vibrations-montreal-quebec\/","name":"Offre d'emploi : Technicien \u2013 Responsable du mat\u00e9riel \u2013 Acoustique et Vibrations - Montr\u00e9al, Qu\u00e9bec - Atelier 7hz","isPartOf":{"@id":"https:\/\/www.atelier7hz.com\/wp\/#website"},"primaryImageOfPage":{"@id":"https:\/\/www.atelier7hz.com\/wp\/offre-demploi-technicien-responsable-du-materiel-acoustique-et-vibrations-montreal-quebec\/#primaryimage"},"image":{"@id":"https:\/\/www.atelier7hz.com\/wp\/offre-demploi-technicien-responsable-du-materiel-acoustique-et-vibrations-montreal-quebec\/#primaryimage"},"thumbnailUrl":"https:\/\/www.atelier7hz.com\/wp\/wp-content\/uploads\/2025\/06\/ResponsablePole-Atelier7hz-Montreal.jpg","datePublished":"2026-02-09T20:55:31+00:00","dateModified":"2026-02-09T20:55:43+00:00","description":"Chez Atelier 7hz, l\u2019impact environnemental de nos solutions est au c\u0153ur de notre mission. Outre la recherche de minimiser notre impact dans notre activit\u00e9 au jour le jour, nous cherchons \u00e0 classer les solutions que nous recommandons en terme d\u2019impact environnemental.","breadcrumb":{"@id":"https:\/\/www.atelier7hz.com\/wp\/offre-demploi-technicien-responsable-du-materiel-acoustique-et-vibrations-montreal-quebec\/#breadcrumb"},"inLanguage":"fr-FR","potentialAction":[{"@type":"ReadAction","target":["https:\/\/www.atelier7hz.com\/wp\/offre-demploi-technicien-responsable-du-materiel-acoustique-et-vibrations-montreal-quebec\/"]}]},{"@type":"ImageObject","inLanguage":"fr-FR","@id":"https:\/\/www.atelier7hz.com\/wp\/offre-demploi-technicien-responsable-du-materiel-acoustique-et-vibrations-montreal-quebec\/#primaryimage","url":"https:\/\/www.atelier7hz.com\/wp\/wp-content\/uploads\/2025\/06\/ResponsablePole-Atelier7hz-Montreal.jpg","contentUrl":"https:\/\/www.atelier7hz.com\/wp\/wp-content\/uploads\/2025\/06\/ResponsablePole-Atelier7hz-Montreal.jpg","width":689,"height":690},{"@type":"BreadcrumbList","@id":"https:\/\/www.atelier7hz.com\/wp\/offre-demploi-technicien-responsable-du-materiel-acoustique-et-vibrations-montreal-quebec\/#breadcrumb","itemListElement":[{"@type":"ListItem","position":1,"name":"Accueil","item":"https:\/\/www.atelier7hz.com\/wp\/"},{"@type":"ListItem","position":2,"name":"Offre d&#8217;emploi : Technicien \u2013 Responsable du mat\u00e9riel \u2013 Acoustique et Vibrations &#8211; Montr\u00e9al, Qu\u00e9bec"}]},{"@type":"WebSite","@id":"https:\/\/www.atelier7hz.com\/wp\/#website","url":"https:\/\/www.atelier7hz.com\/wp\/","name":"Atelier 7hz","description":"L&#039;excellence de l&#039;expertise, la clart\u00e9 des recommandations","publisher":{"@id":"https:\/\/www.atelier7hz.com\/wp\/#organization"},"potentialAction":[{"@type":"SearchAction","target":{"@type":"EntryPoint","urlTemplate":"https:\/\/www.atelier7hz.com\/wp\/?s={search_term_string}"},"query-input":{"@type":"PropertyValueSpecification","valueRequired":true,"valueName":"search_term_string"}}],"inLanguage":"fr-FR"},{"@type":"Organization","@id":"https:\/\/www.atelier7hz.com\/wp\/#organization","name":"Atelier 7hz","url":"https:\/\/www.atelier7hz.com\/wp\/","logo":{"@type":"ImageObject","inLanguage":"fr-FR","@id":"https:\/\/www.atelier7hz.com\/wp\/#\/schema\/logo\/image\/","url":"https:\/\/www.atelier7hz.com\/wp\/wp-content\/uploads\/2022\/11\/Logo-2022-carre-HD-1024-e1672417311684.png","contentUrl":"https:\/\/www.atelier7hz.com\/wp\/wp-content\/uploads\/2022\/11\/Logo-2022-carre-HD-1024-e1672417311684.png","width":300,"height":300,"caption":"Atelier 7hz"},"image":{"@id":"https:\/\/www.atelier7hz.com\/wp\/#\/schema\/logo\/image\/"},"sameAs":["https:\/\/www.facebook.com\/atelier7hz","https:\/\/www.linkedin.com\/company\/atelier-7hz"]},{"@type":"Person","@id":"https:\/\/www.atelier7hz.com\/wp\/#\/schema\/person\/ed0ad1c07fed02a0cb0df06e766c61eb","name":"admin","image":{"@type":"ImageObject","inLanguage":"fr-FR","@id":"https:\/\/www.atelier7hz.com\/wp\/#\/schema\/person\/image\/","url":"https:\/\/www.atelier7hz.com\/wp\/wp-content\/litespeed\/avatar\/aa7487866df1ffb33bf759353b235b29.jpg?ver=1776694218","contentUrl":"https:\/\/www.atelier7hz.com\/wp\/wp-content\/litespeed\/avatar\/aa7487866df1ffb33bf759353b235b29.jpg?ver=1776694218","caption":"admin"},"sameAs":["https:\/\/www.facebook.com\/atelier7hz\/","https:\/\/www.linkedin.com\/feed\/"],"url":"https:\/\/www.atelier7hz.com\/wp\/author\/admin\/"}]}},"_links":{"self":[{"href":"https:\/\/www.atelier7hz.com\/wp\/wp-json\/wp\/v2\/posts\/6861","targetHints":{"allow":["GET"]}}],"collection":[{"href":"https:\/\/www.atelier7hz.com\/wp\/wp-json\/wp\/v2\/posts"}],"about":[{"href":"https:\/\/www.atelier7hz.com\/wp\/wp-json\/wp\/v2\/types\/post"}],"author":[{"embeddable":true,"href":"https:\/\/www.atelier7hz.com\/wp\/wp-json\/wp\/v2\/users\/4"}],"replies":[{"embeddable":true,"href":"https:\/\/www.atelier7hz.com\/wp\/wp-json\/wp\/v2\/comments?post=6861"}],"version-history":[{"count":3,"href":"https:\/\/www.atelier7hz.com\/wp\/wp-json\/wp\/v2\/posts\/6861\/revisions"}],"predecessor-version":[{"id":6866,"href":"https:\/\/www.atelier7hz.com\/wp\/wp-json\/wp\/v2\/posts\/6861\/revisions\/6866"}],"wp:featuredmedia":[{"embeddable":true,"href":"https:\/\/www.atelier7hz.com\/wp\/wp-json\/wp\/v2\/media\/6262"}],"wp:attachment":[{"href":"https:\/\/www.atelier7hz.com\/wp\/wp-json\/wp\/v2\/media?parent=6861"}],"wp:term":[{"taxonomy":"category","embeddable":true,"href":"https:\/\/www.atelier7hz.com\/wp\/wp-json\/wp\/v2\/categories?post=6861"},{"taxonomy":"post_tag","embeddable":true,"href":"https:\/\/www.atelier7hz.com\/wp\/wp-json\/wp\/v2\/tags?post=6861"}],"curies":[{"name":"wp","href":"https:\/\/api.w.org\/{rel}","templated":true}]}}